{"id":220,"date":"2025-06-26T07:40:26","date_gmt":"2025-06-26T05:40:26","guid":{"rendered":"https:\/\/euticket.de\/?p=220"},"modified":"2025-12-30T18:02:23","modified_gmt":"2025-12-30T16:02:23","slug":"der-nussknacker-zauberzeit","status":"publish","type":"post","link":"https:\/\/euticket.de\/de\/archiv\/der-nussknacker-zauberzeit\/","title":{"rendered":"\u201eDer Nussknacker\u201c <br>Zauberzeit"},"content":{"rendered":"<div class=\"wpb-content-wrapper\"><p>[vc_row][vc_column][vc_column_text css=&#8220;&#8220;]<\/p>\n<h3 style=\"text-align: center;\">\u201eDer Nussknacker\u201c \u2014 Zauberzeit<\/h3>\n<h5 style=\"text-align: center;\">Ein magischer Weihnachtsbaum mit s\u00fc\u00dfen Geschenken f\u00fcr Kinder vom Weihnachtsmann in Deutschland im Jahr 2025<\/h5>\n<p>\u201eDer Nussknacker \u2014 Zauberzeit\u201c ist eine lustige und freundliche interaktive Silvestershow f\u00fcr die ganze Familie mit den Lieblingsfiguren aus Kinderm\u00e4rchen.<\/p>\n<p>Leuchtende Dekorationen, originelle Kost\u00fcme und animierte Projektionen auf der B\u00fchnenleinwand lassen Kinder und Erwachsene ganz in die Atmosph\u00e4re der Neujahrsvorstellung eintauchen. Alle Kinder werden M\u00e4rchenfiguren, Spiele, T\u00e4nze und den wahren Zauber des neuen Jahres erleben!<\/p>\n<p>Jedes Kind erh\u00e4lt ein Geschenk \u2014 eine Schachtel mit s\u00fc\u00dfen Geschenken aus den H\u00e4nden des Weihnachtsmanns und anderer M\u00e4rchenfiguren.<\/p>\n<p>F\u00fcr Kinder unter 3 Jahren ist der Eintritt zum Kinderweihnachtsbaum kostenlos.<\/p>\n<p>Magischer Neujahrsbaum mit s\u00fc\u00dfen Geschenken f\u00fcr Kinder vom Weihnachtsmann in Deutschland im Jahr 2025.<\/p>\n<ul>\n<li>Spezialeffekte<\/li>\n<li>Kostenloser Fototermin mit dem Weihnachtsmann und den M\u00e4rchenfiguren<\/li>\n<li>Nach der Pr\u00e4sentation erh\u00e4lt jedes Kind \u00fcber 3 Jahren eine Schachtel mit s\u00fc\u00dfen Geschenken vom Weihnachtsmann und den M\u00e4rchenfiguren!<\/li>\n<\/ul>\n<p>Kinder unter 3 Jahren, die unseren magischen Weihnachtsbaum besuchen (ohne Eintrittskarte), k\u00f6nnen eine separate Eintrittskarte kaufen, um ein Neujahrsgeschenk zu erhalten.<\/p>\n<p>Achtung \u2014 das Abenteuer beginnt schon vor Beginn der Vorstellung.<br \/>\nEine halbe Stunde vor Vorstellungsbeginn warten viele \u00dcberraschungen auf Sie!<\/p>\n<p>Verpassen Sie sie nicht! Schenken Sie Ihrem Kind ein kleines Neujahrswunder![\/vc_column_text][\/vc_column][\/vc_row][vc_row full_width=&#8220;stretch_row_content&#8220; equal_height=&#8220;yes&#8220; content_placement=&#8220;middle&#8220; el_class=&#8220;event-media-row&#8220;][vc_column width=&#8220;1\/6&#8243;][\/vc_column][vc_column width=&#8220;4\/6&#8243;][vc_media_grid css=&#8220;&#8220; grid_id=&#8220;vc_gid:1767110530821-906ad1ad1dd3c056c0cef3d0601f1ee4-0&#8243; include=&#8220;1461,1459,1457,1453,1455,1467,1451,1449,1447,1445,1469,1465&#8243;][\/vc_column][vc_column width=&#8220;1\/6&#8243;][\/vc_column][\/vc_row][vc_row el_id=&#8220;tickets&#8220; el_class=&#8220;tickets-row&#8220;][vc_column][vc_column_text css=&#8220;&#8220; el_class=&#8220;tickets-title&#8220;]<\/p>\n<h3 style=\"text-align: center;\">Tickets<\/h3>\n<p>[\/vc_column_text][vc_column_text css=&#8220;&#8220;]<\/p>\n<table class=\"tickets-table\">\n<thead>\n<tr>\n<th>Wann<\/th>\n<th>Wo<\/th>\n<th style=\"text-align: center;\">Tickets<\/th>\n<\/tr>\n<\/thead>\n<tbody>\n<tr>\n<td><b>5. Dezember 2025<\/b><br \/>\n17:30<\/td>\n<td><b>Duisburg<br \/>\n<\/b>Stadthalle Walsum Saal<\/td>\n<td style=\"text-align: center;\"><\/td>\n<\/tr>\n<tr>\n<td><b>7. Dezember 2025<\/b><br \/>\n16:00<\/td>\n<td><b>Hilden (bei D\u00fcsseldorf)<br \/>\n<\/b>Stadthalle<\/td>\n<td style=\"text-align: center;\"><\/td>\n<\/tr>\n<tr>\n<td><b>9. Dezember 2025<\/b><br \/>\n17:30<\/td>\n<td><b>Hannover<br \/>\n<\/b>Fritz-Haake-Saal Ricklingen<\/td>\n<td style=\"text-align: center;\"><\/td>\n<\/tr>\n<tr>\n<td><b>10. Dezember 2025<\/b><br \/>\n17:30<\/td>\n<td><b>Hamburg<br \/>\n<\/b>B\u00fcrgerhaus Wilhelmsburg<\/td>\n<td style=\"text-align: center;\"><\/td>\n<\/tr>\n<tr>\n<td><b>11. Dezember 2025<\/b><br \/>\n17:30<\/td>\n<td><b>K\u00f6ln<br \/>\n<\/b>Rathaussaal Porz<\/td>\n<td style=\"text-align: center;\"><\/td>\n<\/tr>\n<tr>\n<td><b>13. Dezember 2025<\/b><br \/>\n17:00<\/td>\n<td><b>Filderstadt (bei Stuttgart)<br \/>\n<\/b>Filharmonie Filderstadt<\/td>\n<td style=\"text-align: center;\"><\/td>\n<\/tr>\n<tr>\n<td><b>14. Dezember 2025<\/b><br \/>\n17:00<\/td>\n<td><b>Frankfurt<br \/>\n<\/b>Frankfurt Bergen<\/td>\n<td style=\"text-align: center;\"><\/td>\n<\/tr>\n<tr>\n<td><b>15. Dezember 2025<\/b><br \/>\n17:30<\/td>\n<td><b>M\u00fcnchen<br \/>\n<\/b>Kulturzentrum Trudering<\/td>\n<td style=\"text-align: center;\"><\/td>\n<\/tr>\n<tr>\n<td><b>17. Dezember 2025<\/b><br \/>\n17:30<\/td>\n<td><b>Ibbenb\u00fcren<br \/>\n<\/b>B\u00fcrgerhaus<\/td>\n<td style=\"text-align: center;\"><\/td>\n<\/tr>\n<tr>\n<td><b>18. Dezember 2025<\/b><br \/>\n17:30<\/td>\n<td><b>Paderborn<br \/>\n<\/b>Paderhalle<\/td>\n<td style=\"text-align: center;\"><\/td>\n<\/tr>\n<tr>\n<td><b>19. Dezember 2025<\/b><br \/>\n17:30<\/td>\n<td><b>Berlin<br \/>\n<\/b>Ernst-Reuter-Saal\/Reinickendorf<\/td>\n<td style=\"text-align: center;\"><\/td>\n<\/tr>\n<tr>\n<td><b>20. Dezember 2025<\/b><br \/>\n17:30<\/td>\n<td><b>Kassel<br \/>\n<\/b>Anthroposophisches Zentrum, Gr. Saal<\/td>\n<td style=\"text-align: center;\"><\/td>\n<\/tr>\n<tr>\n<td><b>21. Dezember 2025<\/b><br \/>\n16:00<\/td>\n<td><b>F\u00fcrth (bei N\u00fcrnberg)<br \/>\n<\/b>Stadthalle<\/td>\n<td style=\"text-align: center;\"><\/td>\n<\/tr>\n<tr>\n<td><b>22. Dezember 2025<\/b><br \/>\n17:30<\/td>\n<td><b>Regensburg<br \/>\n<\/b>Kolpinghaus<\/td>\n<td style=\"text-align: center;\"><\/td>\n<\/tr>\n<tr>\n<td><b>23. Dezember 2025<\/b><br \/>\n16:00<\/td>\n<td><b>Karlsruhe<br \/>\n<\/b>Konzerthaus Karlsruhe<\/td>\n<td style=\"text-align: center;\"><\/td>\n<\/tr>\n<tr>\n<td><b>24. Dezember 2025<\/b><br \/>\n11:00<\/td>\n<td><b>Mainz<br \/>\n<\/b>B\u00fcrgerhaus Finthen<\/td>\n<td style=\"text-align: center;\"><\/td>\n<\/tr>\n<tr>\n<td><b>25. Dezember 2025<\/b><br \/>\n16:00<\/td>\n<td><b>Schweinfurt<br \/>\n<\/b>Stadthalle<\/td>\n<td style=\"text-align: center;\"><\/td>\n<\/tr>\n<tr>\n<td><b>26. Dezember 2025<\/b><br \/>\n16:00<\/td>\n<td><b>Ingolstadt<br \/>\n<\/b>Theater<\/td>\n<td style=\"text-align: center;\"><\/td>\n<\/tr>\n<tr>\n<td><b>27. Dezember 2025<\/b><br \/>\n16:00<\/td>\n<td><b>Heilbronn<br \/>\n<\/b>Festhalle Harmonie<\/td>\n<td style=\"text-align: center;\"><\/td>\n<\/tr>\n<tr>\n<td><b>28. Dezember 2025<\/b><br \/>\n16:00<\/td>\n<td><b>Mannheim<br \/>\n<\/b>Kulturhaus K\u00e4fertal<\/td>\n<td style=\"text-align: center;\"><\/td>\n<\/tr>\n<tr>\n<td><b>30. Dezember 2025<\/b><br \/>\n16:00<\/td>\n<td><b>Lahnstein<br \/>\n<\/b>Stadthalle Lahnstein<\/td>\n<td style=\"text-align: center;\"><\/td>\n<\/tr>\n<\/tbody>\n<\/table>\n<p>[\/vc_column_text][\/vc_column][\/vc_row]<\/p>\n<\/div>","protected":false},"excerpt":{"rendered":"<p>5.\u201330. Dezember 2025<\/p>\n","protected":false},"author":1,"featured_media":143,"comment_status":"closed","ping_status":"closed","sticky":false,"template":"","format":"standard","meta":{"_acf_changed":false,"neve_meta_sidebar":"","neve_meta_container":"","neve_meta_enable_content_width":"off","neve_meta_content_width":100,"neve_meta_title_alignment":"","neve_meta_author_avatar":"","neve_post_elements_order":"","neve_meta_disable_header":"","neve_meta_disable_footer":"","neve_meta_disable_title":"","footnotes":""},"categories":[22],"tags":[],"class_list":["post-220","post","type-post","status-publish","format-standard","has-post-thumbnail","hentry","category-archiv"],"acf":[],"yoast_head":"<!-- This site is optimized with the Yoast SEO plugin v27.1.1 - https:\/\/yoast.com\/product\/yoast-seo-wordpress\/ -->\n<title>\u201eDer Nussknacker\u201c Zauberzeit - A&amp;A Konzertagentur<\/title>\n<meta name=\"robots\" content=\"index, follow, max-snippet:-1, max-image-preview:large, max-video-preview:-1\" \/>\n<link rel=\"canonical\" href=\"https:\/\/euticket.de\/afisha\/nussknacker-magic-time\/\" \/>\n<meta property=\"og:locale\" content=\"de_DE\" \/>\n<meta property=\"og:type\" content=\"article\" \/>\n<meta property=\"og:title\" content=\"\u201eDer Nussknacker\u201c Zauberzeit - A&amp;A Konzertagentur\" \/>\n<meta property=\"og:description\" content=\"5.\u201330. Dezember 2025\" \/>\n<meta property=\"og:url\" content=\"https:\/\/euticket.de\/afisha\/nussknacker-magic-time\/\" \/>\n<meta property=\"og:site_name\" content=\"A&amp;A Konzertagentur\" \/>\n<meta property=\"article:published_time\" content=\"2025-06-26T05:40:26+00:00\" \/>\n<meta property=\"article:modified_time\" content=\"2025-12-30T16:02:23+00:00\" \/>\n<meta property=\"og:image\" content=\"https:\/\/euticket.de\/library\/media\/nussknacker-banner.jpg\" \/>\n\t<meta property=\"og:image:width\" content=\"1920\" \/>\n\t<meta property=\"og:image:height\" content=\"522\" \/>\n\t<meta property=\"og:image:type\" content=\"image\/jpeg\" \/>\n<meta name=\"author\" content=\"PromAdmin\" \/>\n<meta name=\"twitter:card\" content=\"summary_large_image\" \/>\n<meta name=\"twitter:label1\" content=\"Verfasst von\" \/>\n\t<meta name=\"twitter:data1\" content=\"PromAdmin\" \/>\n\t<meta name=\"twitter:label2\" content=\"Gesch\u00e4tzte Lesezeit\" \/>\n\t<meta name=\"twitter:data2\" content=\"3\u00a0Minuten\" \/>\n<script type=\"application\/ld+json\" class=\"yoast-schema-graph\">{\"@context\":\"https:\/\/schema.org\",\"@graph\":[{\"@type\":\"Article\",\"@id\":\"https:\/\/euticket.de\/afisha\/nussknacker-magic-time\/#article\",\"isPartOf\":{\"@id\":\"https:\/\/euticket.de\/afisha\/nussknacker-magic-time\/\"},\"author\":{\"name\":\"PromAdmin\",\"@id\":\"https:\/\/euticket.de\/#\/schema\/person\/be8c19fe75af59836dddd4a3f3a5be0d\"},\"headline\":\"\u201eDer Nussknacker\u201c Zauberzeit\",\"datePublished\":\"2025-06-26T05:40:26+00:00\",\"dateModified\":\"2025-12-30T16:02:23+00:00\",\"mainEntityOfPage\":{\"@id\":\"https:\/\/euticket.de\/afisha\/nussknacker-magic-time\/\"},\"wordCount\":413,\"image\":{\"@id\":\"https:\/\/euticket.de\/afisha\/nussknacker-magic-time\/#primaryimage\"},\"thumbnailUrl\":\"https:\/\/euticket.de\/library\/media\/nussknacker-banner.jpg\",\"articleSection\":[\"Archiv\"],\"inLanguage\":\"de\"},{\"@type\":\"WebPage\",\"@id\":\"https:\/\/euticket.de\/afisha\/nussknacker-magic-time\/\",\"url\":\"https:\/\/euticket.de\/afisha\/nussknacker-magic-time\/\",\"name\":\"\u201eDer Nussknacker\u201c Zauberzeit - A&amp;A Konzertagentur\",\"isPartOf\":{\"@id\":\"https:\/\/euticket.de\/#website\"},\"primaryImageOfPage\":{\"@id\":\"https:\/\/euticket.de\/afisha\/nussknacker-magic-time\/#primaryimage\"},\"image\":{\"@id\":\"https:\/\/euticket.de\/afisha\/nussknacker-magic-time\/#primaryimage\"},\"thumbnailUrl\":\"https:\/\/euticket.de\/library\/media\/nussknacker-banner.jpg\",\"datePublished\":\"2025-06-26T05:40:26+00:00\",\"dateModified\":\"2025-12-30T16:02:23+00:00\",\"author\":{\"@id\":\"https:\/\/euticket.de\/#\/schema\/person\/be8c19fe75af59836dddd4a3f3a5be0d\"},\"breadcrumb\":{\"@id\":\"https:\/\/euticket.de\/afisha\/nussknacker-magic-time\/#breadcrumb\"},\"inLanguage\":\"de\",\"potentialAction\":[{\"@type\":\"ReadAction\",\"target\":[\"https:\/\/euticket.de\/afisha\/nussknacker-magic-time\/\"]}]},{\"@type\":\"ImageObject\",\"inLanguage\":\"de\",\"@id\":\"https:\/\/euticket.de\/afisha\/nussknacker-magic-time\/#primaryimage\",\"url\":\"https:\/\/euticket.de\/library\/media\/nussknacker-banner.jpg\",\"contentUrl\":\"https:\/\/euticket.de\/library\/media\/nussknacker-banner.jpg\",\"width\":1920,\"height\":522},{\"@type\":\"BreadcrumbList\",\"@id\":\"https:\/\/euticket.de\/afisha\/nussknacker-magic-time\/#breadcrumb\",\"itemListElement\":[{\"@type\":\"ListItem\",\"position\":1,\"name\":\"\u0413\u043b\u0430\u0432\u043d\u0430\u044f \u0441\u0442\u0440\u0430\u043d\u0438\u0446\u0430\",\"item\":\"https:\/\/euticket.de\/de\/\"},{\"@type\":\"ListItem\",\"position\":2,\"name\":\"\u201eDer Nussknacker\u201c Zauberzeit\"}]},{\"@type\":\"WebSite\",\"@id\":\"https:\/\/euticket.de\/#website\",\"url\":\"https:\/\/euticket.de\/\",\"name\":\"A&amp;A Konzertagentur\",\"description\":\"\",\"potentialAction\":[{\"@type\":\"SearchAction\",\"target\":{\"@type\":\"EntryPoint\",\"urlTemplate\":\"https:\/\/euticket.de\/?s={search_term_string}\"},\"query-input\":{\"@type\":\"PropertyValueSpecification\",\"valueRequired\":true,\"valueName\":\"search_term_string\"}}],\"inLanguage\":\"de\"},{\"@type\":\"Person\",\"@id\":\"https:\/\/euticket.de\/#\/schema\/person\/be8c19fe75af59836dddd4a3f3a5be0d\",\"name\":\"PromAdmin\",\"sameAs\":[\"https:\/\/euticket.de\"],\"url\":\"https:\/\/euticket.de\/de\/author\/promadmin\/\"}]}<\/script>\n<!-- \/ Yoast SEO plugin. -->","yoast_head_json":{"title":"\u201eDer Nussknacker\u201c Zauberzeit - A&amp;A Konzertagentur","robots":{"index":"index","follow":"follow","max-snippet":"max-snippet:-1","max-image-preview":"max-image-preview:large","max-video-preview":"max-video-preview:-1"},"canonical":"https:\/\/euticket.de\/afisha\/nussknacker-magic-time\/","og_locale":"de_DE","og_type":"article","og_title":"\u201eDer Nussknacker\u201c Zauberzeit - A&amp;A Konzertagentur","og_description":"5.\u201330. Dezember 2025","og_url":"https:\/\/euticket.de\/afisha\/nussknacker-magic-time\/","og_site_name":"A&amp;A Konzertagentur","article_published_time":"2025-06-26T05:40:26+00:00","article_modified_time":"2025-12-30T16:02:23+00:00","og_image":[{"width":1920,"height":522,"url":"https:\/\/euticket.de\/library\/media\/nussknacker-banner.jpg","type":"image\/jpeg"}],"author":"PromAdmin","twitter_card":"summary_large_image","twitter_misc":{"Verfasst von":"PromAdmin","Gesch\u00e4tzte Lesezeit":"3\u00a0Minuten"},"schema":{"@context":"https:\/\/schema.org","@graph":[{"@type":"Article","@id":"https:\/\/euticket.de\/afisha\/nussknacker-magic-time\/#article","isPartOf":{"@id":"https:\/\/euticket.de\/afisha\/nussknacker-magic-time\/"},"author":{"name":"PromAdmin","@id":"https:\/\/euticket.de\/#\/schema\/person\/be8c19fe75af59836dddd4a3f3a5be0d"},"headline":"\u201eDer Nussknacker\u201c Zauberzeit","datePublished":"2025-06-26T05:40:26+00:00","dateModified":"2025-12-30T16:02:23+00:00","mainEntityOfPage":{"@id":"https:\/\/euticket.de\/afisha\/nussknacker-magic-time\/"},"wordCount":413,"image":{"@id":"https:\/\/euticket.de\/afisha\/nussknacker-magic-time\/#primaryimage"},"thumbnailUrl":"https:\/\/euticket.de\/library\/media\/nussknacker-banner.jpg","articleSection":["Archiv"],"inLanguage":"de"},{"@type":"WebPage","@id":"https:\/\/euticket.de\/afisha\/nussknacker-magic-time\/","url":"https:\/\/euticket.de\/afisha\/nussknacker-magic-time\/","name":"\u201eDer Nussknacker\u201c Zauberzeit - A&amp;A Konzertagentur","isPartOf":{"@id":"https:\/\/euticket.de\/#website"},"primaryImageOfPage":{"@id":"https:\/\/euticket.de\/afisha\/nussknacker-magic-time\/#primaryimage"},"image":{"@id":"https:\/\/euticket.de\/afisha\/nussknacker-magic-time\/#primaryimage"},"thumbnailUrl":"https:\/\/euticket.de\/library\/media\/nussknacker-banner.jpg","datePublished":"2025-06-26T05:40:26+00:00","dateModified":"2025-12-30T16:02:23+00:00","author":{"@id":"https:\/\/euticket.de\/#\/schema\/person\/be8c19fe75af59836dddd4a3f3a5be0d"},"breadcrumb":{"@id":"https:\/\/euticket.de\/afisha\/nussknacker-magic-time\/#breadcrumb"},"inLanguage":"de","potentialAction":[{"@type":"ReadAction","target":["https:\/\/euticket.de\/afisha\/nussknacker-magic-time\/"]}]},{"@type":"ImageObject","inLanguage":"de","@id":"https:\/\/euticket.de\/afisha\/nussknacker-magic-time\/#primaryimage","url":"https:\/\/euticket.de\/library\/media\/nussknacker-banner.jpg","contentUrl":"https:\/\/euticket.de\/library\/media\/nussknacker-banner.jpg","width":1920,"height":522},{"@type":"BreadcrumbList","@id":"https:\/\/euticket.de\/afisha\/nussknacker-magic-time\/#breadcrumb","itemListElement":[{"@type":"ListItem","position":1,"name":"\u0413\u043b\u0430\u0432\u043d\u0430\u044f \u0441\u0442\u0440\u0430\u043d\u0438\u0446\u0430","item":"https:\/\/euticket.de\/de\/"},{"@type":"ListItem","position":2,"name":"\u201eDer Nussknacker\u201c Zauberzeit"}]},{"@type":"WebSite","@id":"https:\/\/euticket.de\/#website","url":"https:\/\/euticket.de\/","name":"A&amp;A Konzertagentur","description":"","potentialAction":[{"@type":"SearchAction","target":{"@type":"EntryPoint","urlTemplate":"https:\/\/euticket.de\/?s={search_term_string}"},"query-input":{"@type":"PropertyValueSpecification","valueRequired":true,"valueName":"search_term_string"}}],"inLanguage":"de"},{"@type":"Person","@id":"https:\/\/euticket.de\/#\/schema\/person\/be8c19fe75af59836dddd4a3f3a5be0d","name":"PromAdmin","sameAs":["https:\/\/euticket.de"],"url":"https:\/\/euticket.de\/de\/author\/promadmin\/"}]}},"_links":{"self":[{"href":"https:\/\/euticket.de\/de\/wp-json\/wp\/v2\/posts\/220","targetHints":{"allow":["GET"]}}],"collection":[{"href":"https:\/\/euticket.de\/de\/wp-json\/wp\/v2\/posts"}],"about":[{"href":"https:\/\/euticket.de\/de\/wp-json\/wp\/v2\/types\/post"}],"author":[{"embeddable":true,"href":"https:\/\/euticket.de\/de\/wp-json\/wp\/v2\/users\/1"}],"replies":[{"embeddable":true,"href":"https:\/\/euticket.de\/de\/wp-json\/wp\/v2\/comments?post=220"}],"version-history":[{"count":37,"href":"https:\/\/euticket.de\/de\/wp-json\/wp\/v2\/posts\/220\/revisions"}],"predecessor-version":[{"id":1661,"href":"https:\/\/euticket.de\/de\/wp-json\/wp\/v2\/posts\/220\/revisions\/1661"}],"wp:featuredmedia":[{"embeddable":true,"href":"https:\/\/euticket.de\/de\/wp-json\/wp\/v2\/media\/143"}],"wp:attachment":[{"href":"https:\/\/euticket.de\/de\/wp-json\/wp\/v2\/media?parent=220"}],"wp:term":[{"taxonomy":"category","embeddable":true,"href":"https:\/\/euticket.de\/de\/wp-json\/wp\/v2\/categories?post=220"},{"taxonomy":"post_tag","embeddable":true,"href":"https:\/\/euticket.de\/de\/wp-json\/wp\/v2\/tags?post=220"}],"curies":[{"name":"wp","href":"https:\/\/api.w.org\/{rel}","templated":true}]}}