{"id":191,"date":"2025-06-26T05:14:30","date_gmt":"2025-06-26T03:14:30","guid":{"rendered":"https:\/\/euticket.de\/?p=191"},"modified":"2026-03-19T11:26:16","modified_gmt":"2026-03-19T09:26:16","slug":"gromkie-romantische-komoedie-von-savva-saveliev","status":"publish","type":"post","link":"https:\/\/euticket.de\/de\/veranstaltungen\/gromkie-romantische-komoedie-von-savva-saveliev\/","title":{"rendered":"\u201eGROMKIE\u201c romantische Kom\u00f6die von Savva Saveliev"},"content":{"rendered":"<div class=\"wpb-content-wrapper\"><p>[vc_row][vc_column][vc_column_text css=&#8220;&#8220;]<\/p>\n<h3 class=\"event-header-title\" style=\"text-align: center;\">\u201eGROMKIE\u201c<\/h3>\n<h5 style=\"text-align: center;\">eine neue Produktion des Regisseurs Savva Saveliev im Genre der romantischen Kom\u00f6die<\/h5>\n<p>Auf vielfachen Wunsch der Zuschauer kehrt das St\u00fcck \u201eGROMKIE\u201c zur\u00fcck! Im M\u00e4rz 2026 wird das Publikum das St\u00fcck \u201eGROMKIE\u201c sehen k\u00f6nnen \u2014 ein Drama \u00fcber Liebe, Zeit und vergessene Tr\u00e4ume. Regisseur Sawwa Saweljew hat eine Inszenierung geschaffen, in der die Hauptrollen von zwei Meistern des Theaters und des Kinos gespielt werden: Victoria Tolstoganova und Maxim Vitorgan.<br \/>\n\u201eGROMKIE\u201c ist nicht nur ein Theaterst\u00fcck, sondern eine tiefgr\u00fcndige und vielschichtige Reflexion \u00fcber das Leben und dar\u00fcber, wie wir die Liebe erhalten (oder verlieren). Das St\u00fcck erz\u00e4hlt die Geschichte von zwei Menschen, die 25 Jahre zusammen verbracht, viele Schwierigkeiten durchlebt und ihre fr\u00fchere Leidenschaft verloren haben. Doch eines Tages, als sie sich \u00fcber die Renovierung ihrer Wohnung unterhalten, fangen sie an, \u00fcber sich selbst zu sprechen \u2014 \u00fcber ihre Gef\u00fchle, Tr\u00e4ume und ihr Bedauern.<\/p>\n<p>Auf der B\u00fchne \u2014 helles, lebhaftes, erkennbares Leben.<\/p>\n<p>Tolstoganova und Vitorgan vermitteln eine komplexe Palette von Gef\u00fchlen \u2014 von Irritation bis Z\u00e4rtlichkeit, von M\u00fcdigkeit bis zu subtiler Zuneigung. Ihre Figuren streiten, tanzen, schweigen und reden und finden so die Sprache der Liebe, die im Alltag verloren gegangen ist.<\/p>\n<p>\u201eGROMKIE\u201c ist eine Inszenierung, die zum Schmunzeln, zum Traurigsein und zum Nachdenken dar\u00fcber anregt, was wir verlieren und was wir zur\u00fcckbekommen k\u00f6nnen.[\/vc_column_text][\/vc_column][\/vc_row][vc_row full_width=&#8220;stretch_row_content&#8220; equal_height=&#8220;yes&#8220; content_placement=&#8220;middle&#8220; el_class=&#8220;event-media-row&#8220;][vc_column width=&#8220;1\/6&#8243;][\/vc_column][vc_column width=&#8220;4\/6&#8243;][vc_media_grid css=&#8220;&#8220; grid_id=&#8220;vc_gid:1773912222007-8a6bfcae-8006-8&#8243; include=&#8220;1182,1204,1200,1202,1198,1196,1192,1194,1190,1188,1186,1184&#8243;][\/vc_column][vc_column width=&#8220;1\/6&#8243;][\/vc_column][\/vc_row][vc_row el_id=&#8220;tickets&#8220; el_class=&#8220;tickets-row&#8220;][vc_column][vc_column_text css=&#8220;&#8220; el_class=&#8220;tickets-title&#8220;]<\/p>\n<h3 style=\"text-align: center;\">Tickets<\/h3>\n<p>[\/vc_column_text][vc_empty_space height=&#8220;27pt&#8220;][vc_column_text css=&#8220;&#8220;]<\/p>\n<table class=\"tickets-table\">\n<thead>\n<tr>\n<th>Wann<\/th>\n<th>Wo<\/th>\n<th style=\"text-align: center;\">Tickets<\/th>\n<\/tr>\n<\/thead>\n<tbody>\n<tr>\n<td><b>26. Oktober 2026<\/b><br \/>\n20:00<\/td>\n<td><b>Wien<br \/>\n<\/b>Theater Akzent<\/td>\n<td style=\"text-align: center;\">\u0441\u043a\u043e\u0440\u043e<\/td>\n<\/tr>\n<tr>\n<td><b>27. Oktober 2026<\/b><br \/>\n19:30<\/td>\n<td><b>Karlsruhe<br \/>\n<\/b>Konzerthaus<\/td>\n<td style=\"text-align: center;\">\u0441\u043a\u043e\u0440\u043e<\/td>\n<\/tr>\n<tr>\n<td><b>31. Oktober 2026<\/b><br \/>\n19:00<\/td>\n<td><b>Paderborn<br \/>\n<\/b>PaderHalle<\/td>\n<td style=\"text-align: center;\">\u0441\u043a\u043e\u0440\u043e<\/td>\n<\/tr>\n<\/tbody>\n<\/table>\n<p>[\/vc_column_text][vc_column_text]<\/p>\n<h5 style=\"text-align: center;\">Vergangene events<\/h5>\n<p>[\/vc_column_text][vc_column_text css=&#8220;&#8220;]<\/p>\n<table class=\"tickets-table\">\n<thead>\n<tr>\n<th>Wann<\/th>\n<th>Wo<\/th>\n<th style=\"text-align: center;\">Tickets<\/th>\n<\/tr>\n<\/thead>\n<tbody>\n<tr>\n<td><b>3. Oktober 2025<\/b><br \/>\n19:30<\/td>\n<td><b>F\u00fcrth<br \/>\n<\/b>Stadthalle F\u00fcrth<\/td>\n<td style=\"text-align: center;\"><\/td>\n<\/tr>\n<tr>\n<td><b>4. Oktober 2025<\/b><br \/>\n19:30<\/td>\n<td><b>Bonn<br \/>\n<\/b>Br\u00fcckenforum<\/td>\n<td style=\"text-align: center;\"><\/td>\n<\/tr>\n<tr>\n<td><b>5. Oktober 2025<\/b><br \/>\n17:00<\/td>\n<td><b>K\u00f6ln<br \/>\n<\/b>Rathaussaal Porz<\/td>\n<td style=\"text-align: center;\"><\/td>\n<\/tr>\n<tr>\n<td><b>7. Oktober 2025<\/b><br \/>\n19:30<\/td>\n<td><b>M\u00fcnchen<br \/>\n<\/b>Gasteig, Carl-Orff-Saal<\/td>\n<td style=\"text-align: center;\"><\/td>\n<\/tr>\n<tr>\n<td><b>9. Oktober 2025<\/b><br \/>\n19:30<\/td>\n<td><b>B\u00f6blingen<br \/>\n<\/b>Kongresshalle B\u00f6blingen<\/td>\n<td style=\"text-align: center;\"><\/td>\n<\/tr>\n<tr>\n<td><b>10. Oktober 2025<\/b><br \/>\n19:30<\/td>\n<td><b>Offenbach am Main<br \/>\n<\/b>Captol Theater<\/td>\n<td style=\"text-align: center;\"><\/td>\n<\/tr>\n<tr>\n<td><b>11. Oktober 2025<\/b><br \/>\n18:00<\/td>\n<td><b>Hilden (bei D\u00fcsseldorf)<br \/>\n<\/b>Stadthalle<\/td>\n<td style=\"text-align: center;\"><\/td>\n<\/tr>\n<tr>\n<td><b>13. M\u00e4rz 2026<\/b><br \/>\n20:00<\/td>\n<td><b>Bremen<br \/>\n<\/b>Die Glocke<\/td>\n<td style=\"text-align: center;\"><\/td>\n<\/tr>\n<tr>\n<td><b>14. M\u00e4rz 2026<\/b><br \/>\n19:30<\/td>\n<td><b>Duisburg<br \/>\n<\/b>Stadthalle Walsum<\/td>\n<td style=\"text-align: center;\"><\/td>\n<\/tr>\n<tr>\n<td><b>15. M\u00e4rz 2026<\/b><br \/>\n19:00<\/td>\n<td><b>Berlin<br \/>\n<\/b>Urania Berlin<\/td>\n<td style=\"text-align: center;\"><\/td>\n<\/tr>\n<\/tbody>\n<\/table>\n<p>[\/vc_column_text][\/vc_column][\/vc_row]<\/p>\n<\/div>","protected":false},"excerpt":{"rendered":"<p>26.\u201331. Oktober 2026<\/p>\n","protected":false},"author":1,"featured_media":139,"comment_status":"open","ping_status":"open","sticky":false,"template":"","format":"standard","meta":{"_acf_changed":false,"neve_meta_sidebar":"","neve_meta_container":"","neve_meta_enable_content_width":"off","neve_meta_content_width":100,"neve_meta_title_alignment":"","neve_meta_author_avatar":"","neve_post_elements_order":"","neve_meta_disable_header":"","neve_meta_disable_footer":"","neve_meta_disable_title":"","footnotes":""},"categories":[19],"tags":[],"class_list":["post-191","post","type-post","status-publish","format-standard","has-post-thumbnail","hentry","category-veranstaltungen"],"acf":[],"yoast_head":"<!-- This site is optimized with the Yoast SEO plugin v27.1.1 - https:\/\/yoast.com\/product\/yoast-seo-wordpress\/ -->\n<title>\u201eGROMKIE\u201c romantische Kom\u00f6die von Savva Saveliev - A&amp;A Konzertagentur<\/title>\n<meta name=\"robots\" content=\"index, follow, max-snippet:-1, max-image-preview:large, max-video-preview:-1\" \/>\n<link rel=\"canonical\" href=\"https:\/\/euticket.de\/de\/veranstaltungen\/gromkie-romantische-komoedie-von-savva-saveliev\/\" \/>\n<meta property=\"og:locale\" content=\"de_DE\" \/>\n<meta property=\"og:type\" content=\"article\" \/>\n<meta property=\"og:title\" content=\"\u201eGROMKIE\u201c romantische Kom\u00f6die von Savva Saveliev - A&amp;A Konzertagentur\" \/>\n<meta property=\"og:description\" content=\"26.\u201331. Oktober 2026\" \/>\n<meta property=\"og:url\" content=\"https:\/\/euticket.de\/de\/veranstaltungen\/gromkie-romantische-komoedie-von-savva-saveliev\/\" \/>\n<meta property=\"og:site_name\" content=\"A&amp;A Konzertagentur\" \/>\n<meta property=\"article:published_time\" content=\"2025-06-26T03:14:30+00:00\" \/>\n<meta property=\"article:modified_time\" content=\"2026-03-19T09:26:16+00:00\" \/>\n<meta property=\"og:image\" content=\"https:\/\/euticket.de\/library\/media\/loud-ones-banner.jpg\" \/>\n\t<meta property=\"og:image:width\" content=\"1920\" \/>\n\t<meta property=\"og:image:height\" content=\"522\" \/>\n\t<meta property=\"og:image:type\" content=\"image\/jpeg\" \/>\n<meta name=\"author\" content=\"PromAdmin\" \/>\n<meta name=\"twitter:card\" content=\"summary_large_image\" \/>\n<meta name=\"twitter:label1\" content=\"Verfasst von\" \/>\n\t<meta name=\"twitter:data1\" content=\"PromAdmin\" \/>\n\t<meta name=\"twitter:label2\" content=\"Gesch\u00e4tzte Lesezeit\" \/>\n\t<meta name=\"twitter:data2\" content=\"5\u00a0Minuten\" \/>\n<script type=\"application\/ld+json\" class=\"yoast-schema-graph\">{\"@context\":\"https:\/\/schema.org\",\"@graph\":[{\"@type\":\"Article\",\"@id\":\"https:\/\/euticket.de\/de\/veranstaltungen\/gromkie-romantische-komoedie-von-savva-saveliev\/#article\",\"isPartOf\":{\"@id\":\"https:\/\/euticket.de\/de\/veranstaltungen\/gromkie-romantische-komoedie-von-savva-saveliev\/\"},\"author\":{\"name\":\"PromAdmin\",\"@id\":\"https:\/\/euticket.de\/#\/schema\/person\/be8c19fe75af59836dddd4a3f3a5be0d\"},\"headline\":\"\u201eGROMKIE\u201c romantische Kom\u00f6die von Savva Saveliev\",\"datePublished\":\"2025-06-26T03:14:30+00:00\",\"dateModified\":\"2026-03-19T09:26:16+00:00\",\"mainEntityOfPage\":{\"@id\":\"https:\/\/euticket.de\/de\/veranstaltungen\/gromkie-romantische-komoedie-von-savva-saveliev\/\"},\"wordCount\":421,\"commentCount\":0,\"image\":{\"@id\":\"https:\/\/euticket.de\/de\/veranstaltungen\/gromkie-romantische-komoedie-von-savva-saveliev\/#primaryimage\"},\"thumbnailUrl\":\"https:\/\/euticket.de\/library\/media\/loud-ones-banner.jpg\",\"articleSection\":[\"Veranstaltungen\"],\"inLanguage\":\"de\",\"potentialAction\":[{\"@type\":\"CommentAction\",\"name\":\"Comment\",\"target\":[\"https:\/\/euticket.de\/de\/veranstaltungen\/gromkie-romantische-komoedie-von-savva-saveliev\/#respond\"]}]},{\"@type\":\"WebPage\",\"@id\":\"https:\/\/euticket.de\/de\/veranstaltungen\/gromkie-romantische-komoedie-von-savva-saveliev\/\",\"url\":\"https:\/\/euticket.de\/de\/veranstaltungen\/gromkie-romantische-komoedie-von-savva-saveliev\/\",\"name\":\"\u201eGROMKIE\u201c romantische Kom\u00f6die von Savva Saveliev - A&amp;A Konzertagentur\",\"isPartOf\":{\"@id\":\"https:\/\/euticket.de\/#website\"},\"primaryImageOfPage\":{\"@id\":\"https:\/\/euticket.de\/de\/veranstaltungen\/gromkie-romantische-komoedie-von-savva-saveliev\/#primaryimage\"},\"image\":{\"@id\":\"https:\/\/euticket.de\/de\/veranstaltungen\/gromkie-romantische-komoedie-von-savva-saveliev\/#primaryimage\"},\"thumbnailUrl\":\"https:\/\/euticket.de\/library\/media\/loud-ones-banner.jpg\",\"datePublished\":\"2025-06-26T03:14:30+00:00\",\"dateModified\":\"2026-03-19T09:26:16+00:00\",\"author\":{\"@id\":\"https:\/\/euticket.de\/#\/schema\/person\/be8c19fe75af59836dddd4a3f3a5be0d\"},\"breadcrumb\":{\"@id\":\"https:\/\/euticket.de\/de\/veranstaltungen\/gromkie-romantische-komoedie-von-savva-saveliev\/#breadcrumb\"},\"inLanguage\":\"de\",\"potentialAction\":[{\"@type\":\"ReadAction\",\"target\":[\"https:\/\/euticket.de\/de\/veranstaltungen\/gromkie-romantische-komoedie-von-savva-saveliev\/\"]}]},{\"@type\":\"ImageObject\",\"inLanguage\":\"de\",\"@id\":\"https:\/\/euticket.de\/de\/veranstaltungen\/gromkie-romantische-komoedie-von-savva-saveliev\/#primaryimage\",\"url\":\"https:\/\/euticket.de\/library\/media\/loud-ones-banner.jpg\",\"contentUrl\":\"https:\/\/euticket.de\/library\/media\/loud-ones-banner.jpg\",\"width\":1920,\"height\":522},{\"@type\":\"BreadcrumbList\",\"@id\":\"https:\/\/euticket.de\/de\/veranstaltungen\/gromkie-romantische-komoedie-von-savva-saveliev\/#breadcrumb\",\"itemListElement\":[{\"@type\":\"ListItem\",\"position\":1,\"name\":\"\u0413\u043b\u0430\u0432\u043d\u0430\u044f \u0441\u0442\u0440\u0430\u043d\u0438\u0446\u0430\",\"item\":\"https:\/\/euticket.de\/de\/\"},{\"@type\":\"ListItem\",\"position\":2,\"name\":\"\u201eGROMKIE\u201c romantische Kom\u00f6die von Savva Saveliev\"}]},{\"@type\":\"WebSite\",\"@id\":\"https:\/\/euticket.de\/#website\",\"url\":\"https:\/\/euticket.de\/\",\"name\":\"A&amp;A Konzertagentur\",\"description\":\"\",\"potentialAction\":[{\"@type\":\"SearchAction\",\"target\":{\"@type\":\"EntryPoint\",\"urlTemplate\":\"https:\/\/euticket.de\/?s={search_term_string}\"},\"query-input\":{\"@type\":\"PropertyValueSpecification\",\"valueRequired\":true,\"valueName\":\"search_term_string\"}}],\"inLanguage\":\"de\"},{\"@type\":\"Person\",\"@id\":\"https:\/\/euticket.de\/#\/schema\/person\/be8c19fe75af59836dddd4a3f3a5be0d\",\"name\":\"PromAdmin\",\"sameAs\":[\"https:\/\/euticket.de\"],\"url\":\"https:\/\/euticket.de\/de\/author\/promadmin\/\"}]}<\/script>\n<!-- \/ Yoast SEO plugin. -->","yoast_head_json":{"title":"\u201eGROMKIE\u201c romantische Kom\u00f6die von Savva Saveliev - A&amp;A Konzertagentur","robots":{"index":"index","follow":"follow","max-snippet":"max-snippet:-1","max-image-preview":"max-image-preview:large","max-video-preview":"max-video-preview:-1"},"canonical":"https:\/\/euticket.de\/de\/veranstaltungen\/gromkie-romantische-komoedie-von-savva-saveliev\/","og_locale":"de_DE","og_type":"article","og_title":"\u201eGROMKIE\u201c romantische Kom\u00f6die von Savva Saveliev - A&amp;A Konzertagentur","og_description":"26.\u201331. Oktober 2026","og_url":"https:\/\/euticket.de\/de\/veranstaltungen\/gromkie-romantische-komoedie-von-savva-saveliev\/","og_site_name":"A&amp;A Konzertagentur","article_published_time":"2025-06-26T03:14:30+00:00","article_modified_time":"2026-03-19T09:26:16+00:00","og_image":[{"width":1920,"height":522,"url":"https:\/\/euticket.de\/library\/media\/loud-ones-banner.jpg","type":"image\/jpeg"}],"author":"PromAdmin","twitter_card":"summary_large_image","twitter_misc":{"Verfasst von":"PromAdmin","Gesch\u00e4tzte Lesezeit":"5\u00a0Minuten"},"schema":{"@context":"https:\/\/schema.org","@graph":[{"@type":"Article","@id":"https:\/\/euticket.de\/de\/veranstaltungen\/gromkie-romantische-komoedie-von-savva-saveliev\/#article","isPartOf":{"@id":"https:\/\/euticket.de\/de\/veranstaltungen\/gromkie-romantische-komoedie-von-savva-saveliev\/"},"author":{"name":"PromAdmin","@id":"https:\/\/euticket.de\/#\/schema\/person\/be8c19fe75af59836dddd4a3f3a5be0d"},"headline":"\u201eGROMKIE\u201c romantische Kom\u00f6die von Savva Saveliev","datePublished":"2025-06-26T03:14:30+00:00","dateModified":"2026-03-19T09:26:16+00:00","mainEntityOfPage":{"@id":"https:\/\/euticket.de\/de\/veranstaltungen\/gromkie-romantische-komoedie-von-savva-saveliev\/"},"wordCount":421,"commentCount":0,"image":{"@id":"https:\/\/euticket.de\/de\/veranstaltungen\/gromkie-romantische-komoedie-von-savva-saveliev\/#primaryimage"},"thumbnailUrl":"https:\/\/euticket.de\/library\/media\/loud-ones-banner.jpg","articleSection":["Veranstaltungen"],"inLanguage":"de","potentialAction":[{"@type":"CommentAction","name":"Comment","target":["https:\/\/euticket.de\/de\/veranstaltungen\/gromkie-romantische-komoedie-von-savva-saveliev\/#respond"]}]},{"@type":"WebPage","@id":"https:\/\/euticket.de\/de\/veranstaltungen\/gromkie-romantische-komoedie-von-savva-saveliev\/","url":"https:\/\/euticket.de\/de\/veranstaltungen\/gromkie-romantische-komoedie-von-savva-saveliev\/","name":"\u201eGROMKIE\u201c romantische Kom\u00f6die von Savva Saveliev - A&amp;A Konzertagentur","isPartOf":{"@id":"https:\/\/euticket.de\/#website"},"primaryImageOfPage":{"@id":"https:\/\/euticket.de\/de\/veranstaltungen\/gromkie-romantische-komoedie-von-savva-saveliev\/#primaryimage"},"image":{"@id":"https:\/\/euticket.de\/de\/veranstaltungen\/gromkie-romantische-komoedie-von-savva-saveliev\/#primaryimage"},"thumbnailUrl":"https:\/\/euticket.de\/library\/media\/loud-ones-banner.jpg","datePublished":"2025-06-26T03:14:30+00:00","dateModified":"2026-03-19T09:26:16+00:00","author":{"@id":"https:\/\/euticket.de\/#\/schema\/person\/be8c19fe75af59836dddd4a3f3a5be0d"},"breadcrumb":{"@id":"https:\/\/euticket.de\/de\/veranstaltungen\/gromkie-romantische-komoedie-von-savva-saveliev\/#breadcrumb"},"inLanguage":"de","potentialAction":[{"@type":"ReadAction","target":["https:\/\/euticket.de\/de\/veranstaltungen\/gromkie-romantische-komoedie-von-savva-saveliev\/"]}]},{"@type":"ImageObject","inLanguage":"de","@id":"https:\/\/euticket.de\/de\/veranstaltungen\/gromkie-romantische-komoedie-von-savva-saveliev\/#primaryimage","url":"https:\/\/euticket.de\/library\/media\/loud-ones-banner.jpg","contentUrl":"https:\/\/euticket.de\/library\/media\/loud-ones-banner.jpg","width":1920,"height":522},{"@type":"BreadcrumbList","@id":"https:\/\/euticket.de\/de\/veranstaltungen\/gromkie-romantische-komoedie-von-savva-saveliev\/#breadcrumb","itemListElement":[{"@type":"ListItem","position":1,"name":"\u0413\u043b\u0430\u0432\u043d\u0430\u044f \u0441\u0442\u0440\u0430\u043d\u0438\u0446\u0430","item":"https:\/\/euticket.de\/de\/"},{"@type":"ListItem","position":2,"name":"\u201eGROMKIE\u201c romantische Kom\u00f6die von Savva Saveliev"}]},{"@type":"WebSite","@id":"https:\/\/euticket.de\/#website","url":"https:\/\/euticket.de\/","name":"A&amp;A Konzertagentur","description":"","potentialAction":[{"@type":"SearchAction","target":{"@type":"EntryPoint","urlTemplate":"https:\/\/euticket.de\/?s={search_term_string}"},"query-input":{"@type":"PropertyValueSpecification","valueRequired":true,"valueName":"search_term_string"}}],"inLanguage":"de"},{"@type":"Person","@id":"https:\/\/euticket.de\/#\/schema\/person\/be8c19fe75af59836dddd4a3f3a5be0d","name":"PromAdmin","sameAs":["https:\/\/euticket.de"],"url":"https:\/\/euticket.de\/de\/author\/promadmin\/"}]}},"_links":{"self":[{"href":"https:\/\/euticket.de\/de\/wp-json\/wp\/v2\/posts\/191","targetHints":{"allow":["GET"]}}],"collection":[{"href":"https:\/\/euticket.de\/de\/wp-json\/wp\/v2\/posts"}],"about":[{"href":"https:\/\/euticket.de\/de\/wp-json\/wp\/v2\/types\/post"}],"author":[{"embeddable":true,"href":"https:\/\/euticket.de\/de\/wp-json\/wp\/v2\/users\/1"}],"replies":[{"embeddable":true,"href":"https:\/\/euticket.de\/de\/wp-json\/wp\/v2\/comments?post=191"}],"version-history":[{"count":19,"href":"https:\/\/euticket.de\/de\/wp-json\/wp\/v2\/posts\/191\/revisions"}],"predecessor-version":[{"id":1524,"href":"https:\/\/euticket.de\/de\/wp-json\/wp\/v2\/posts\/191\/revisions\/1524"}],"wp:featuredmedia":[{"embeddable":true,"href":"https:\/\/euticket.de\/de\/wp-json\/wp\/v2\/media\/139"}],"wp:attachment":[{"href":"https:\/\/euticket.de\/de\/wp-json\/wp\/v2\/media?parent=191"}],"wp:term":[{"taxonomy":"category","embeddable":true,"href":"https:\/\/euticket.de\/de\/wp-json\/wp\/v2\/categories?post=191"},{"taxonomy":"post_tag","embeddable":true,"href":"https:\/\/euticket.de\/de\/wp-json\/wp\/v2\/tags?post=191"}],"curies":[{"name":"wp","href":"https:\/\/api.w.org\/{rel}","templated":true}]}}