{"id":1686,"date":"2026-01-13T15:44:31","date_gmt":"2026-01-13T13:44:31","guid":{"rendered":"https:\/\/euticket.de\/?p=1686"},"modified":"2026-03-27T13:01:09","modified_gmt":"2026-03-27T11:01:09","slug":"weltpremiere-inostranka","status":"publish","type":"post","link":"https:\/\/euticket.de\/de\/veranstaltungen\/weltpremiere-inostranka\/","title":{"rendered":"Weltpremiere des Theaterst\u00fccks \u201eINOSTRANKA\u201c"},"content":{"rendered":"<div class=\"wpb-content-wrapper\"><p>[vc_row][vc_column][vc_column_text css=&#8220;&#8220;]<\/p>\n<h3 class=\"event-header-title\" style=\"text-align: center;\">Weltpremiere des Theaterst\u00fccks \u201eINOSTRANKA\u201c<\/h3>\n<h5 style=\"text-align: center;\">nach der gleichnamigen Erz\u00e4hlung von Sergej Dowlatow<\/h5>\n<p>Regie: Maxim Didenko<br \/>\nIn der Hauptrolle: Mascha Maschkowa<\/p>\n<h5 style=\"text-align: center;\">Basierend auf wahren Begebenheiten<\/h5>\n<p>Was bringt einen Menschen dazu, sein Zuhause zu verlassen? Politik, Geschichte, Umst\u00e4nde \u2013 oder einfach nur \u201eschlechte Laune\u201c? Das Theaterst\u00fcck \u201eINOSTRANKA\u201c nach der Erz\u00e4hlung von Sergej Dowlatow sucht nach Antworten auf diese Fragen und \u00fcbertr\u00e4gt sie in die heutige Realit\u00e4t. Aber es ist nicht nur die Geschichte der Heldin Marusja Tataroitsch \u2013 es ist auch die pers\u00f6nliche Geschichte der Schauspielerin Mascha Maschkowa, ihre Versuche, in Hollywood Fu\u00df zu fassen, ihr Leben in Los Angeles, ihre Erinnerungen an ihre Familie und das Erwachsenwerden.<\/p>\n<p>\u201eDie Ausl\u00e4nderin\u201c ist ein Theaterst\u00fcck in Form eines Gespr\u00e4chs ohne vierte Wand: ironisch, ehrlich, lustig und therapeutisch.<br \/>\nEs handelt von der Emigration als einer ewigen menschlichen Erfahrung \u2013 dem Versuch, seinen Platz in dieser Welt zu finden und seinen Sinn f\u00fcr Humor zu bewahren, wenn alles um einen herum fremd und neu wird.<\/p>\n<p>War Emigration in den 80er Jahren noch ein allt\u00e4gliches Drama, so ist sie heute ein existenzieller Sprung ins Ungewisse. Aber das Wesentliche bleibt dasselbe: Jeder von uns wird einmal zum \u201eFremden\u201c \u2013 in einem neuen Land, in einem neuen Beruf oder sogar im eigenen Leben. \u201eFassen wir die Fakten zusammen. Eine gewisse Maria verl\u00e4sst ihre Heimat. Dann bittet Maria darum, zur\u00fcckkehren zu d\u00fcrfen. Man hat den Eindruck, als sei die Heimat f\u00fcr manche eine variable Gr\u00f6\u00dfe. Ich m\u00f6chte weggehen, \u00fcberlege es mir anders und komme zur\u00fcck. In der Zwischenzeit ist, entschuldigen Sie bitte, ein abscheulicher Verrat begangen worden. Das bedeutet, dass die Schuld ges\u00fchnt werden muss. Und erst dann wird entschieden, ob man Sie zur\u00fcckl\u00e4sst. Oder nicht.\u201c \u2013 Sergej Dowlatow, Erz\u00e4hlung \u201eDie Ausl\u00e4nderin\u201c, 1985.<\/p>\n<p>\u201eIch habe lange nach Material gesucht, dank dem die Zuschauer im Theater alles, was sich angestaut hat, herauslachen k\u00f6nnen. Bis zu Tr\u00e4nen lachen. Und dann kam mir die Heldin Marusja (Trommelwirbel) aus Nowosibirsk in den Sinn! (F\u00fcr diejenigen, die es nicht wissen: Ich habe bis zu meinem achten Lebensjahr in der Fliegerstadt Tolmachevo gelebt), die nach Amerika ausgewandert ist, aber das Leben als Emigrantin &#8230; Sie verstehen schon. Und Marusja wollte nun pl\u00f6tzlich zur\u00fcck. Mit zitternden H\u00e4nden bl\u00e4tterte ich Seite f\u00fcr Seite der Erz\u00e4hlung um, um so schnell wie m\u00f6glich herauszufinden, ob Marusja zur\u00fcckkehren w\u00fcrde&#8230; zur\u00fcck&#8220; \u2013 Mascha Mashkova<\/p>\n<p>Die Methode des Regisseurs Maxim Didenko verbindet lebendiges Theater, Kino und Multimedia, schafft eine moderne Sprache der B\u00fchnenkunst und er\u00f6ffnet neue Formen des theatralischen Ausdrucks. In dem St\u00fcck gibt es zwei parallele Prozesse: den theatralischen, inszenierten und den filmischen. Der Film selbst wird Teil des St\u00fccks, was dem Projekt eine besondere Tiefe verleiht.<\/p>\n<p>In \u201eINOSTRAKA\u201c spielten Maxim Suchanow, Varya Shmykova, Nikita Kukushkin und Nikola Ashurkov mit.[\/vc_column_text][vc_row_inner][vc_column_inner width=&#8220;1\/4&#8243;][\/vc_column_inner][vc_column_inner width=&#8220;1\/2&#8243;][vc_column_text css=&#8220;&#8220;]<div style=\"width: 1080px;\" class=\"wp-video\"><video class=\"wp-video-shortcode\" id=\"video-1686-1\" width=\"1080\" height=\"1080\" preload=\"metadata\" controls=\"controls\"><source type=\"video\/mp4\" src=\"https:\/\/euticket.de\/library\/media\/inostranka-followup.mp4?_=1\" \/><a href=\"https:\/\/euticket.de\/library\/media\/inostranka-followup.mp4\">https:\/\/euticket.de\/library\/media\/inostranka-followup.mp4<\/a><\/video><\/div>\n<p>&nbsp;<\/p>\n<h4 style=\"text-align: center;\">Autoren des St\u00fccks:<\/h4>\n<p>[\/vc_column_text][\/vc_column_inner][vc_column_inner width=&#8220;1\/4&#8243;][\/vc_column_inner][\/vc_row_inner][vc_column_text css=&#8220;&#8220; el_class=&#8220;display-m&#8220;]<\/p>\n<p style=\"text-align: center;\">Dramaturg \u2013 Michail Durnenkow<br \/>\nRegisseur \u2013 Maxim Didenko<br \/>\nKomponistin \u2013 Anna Drubitsch<br \/>\nKost\u00fcme \u2013 Tatjana Dolmatowskaja<br \/>\nB\u00fchnenbildnerin \u2013 Ksenia Peretruchina<br \/>\nLicht- und Sounddesign \u2013 Jurij Galkin<br \/>\nMultimedia \u2013 Oleg Michailow<br \/>\nProduzenten \u2013 Alexandrina Markwo, Katerina Kashintseva, Mascha Mashkova<br \/>\nB\u00fchnenmanager \u2013 Ilja Kuznetsow[\/vc_column_text][vc_row_inner el_class=&#8220;display-d&#8220;][vc_column_inner width=&#8220;1\/2&#8243;][vc_column_text css=&#8220;&#8220;]<\/p>\n<p style=\"text-align: right;\">Dramaturg<br \/>\nRegisseur<br \/>\nKomponist<br \/>\nKost\u00fcme<br \/>\nB\u00fchnenbildner<br \/>\nLicht- und Sounddesign<br \/>\nMultimedia<br \/>\nProduzenten<br \/>\nB\u00fchnenmanager[\/vc_column_text][\/vc_column_inner][vc_column_inner width=&#8220;1\/2&#8243;][vc_column_text css=&#8220;&#8220;]<\/p>\n<p style=\"text-align: left;\">Mikhail Durnenkov<br \/>\nMaxim Didenko<br \/>\nAnna Drubich<br \/>\nTatiana Dolmatovskaya<br \/>\nKsenia Peretrukhina<br \/>\nYuri Galkin<br \/>\nOleg Mikhailov<br \/>\nAlexandrina Markvo, Katerina Kashintseva, Masha Mashkova<br \/>\nIlya Kuznetsov[\/vc_column_text][\/vc_column_inner][\/vc_row_inner][\/vc_column][\/vc_row][vc_row full_width=&#8220;stretch_row_content&#8220; equal_height=&#8220;yes&#8220; content_placement=&#8220;middle&#8220; el_class=&#8220;event-media-row&#8220;][vc_column width=&#8220;1\/6&#8243;][\/vc_column][vc_column width=&#8220;4\/6&#8243;][vc_media_grid grid_id=&#8220;vc_gid:1774609194277-81572d2e13cfaa2847f1313c8679b0f4-5&#8243; include=&#8220;1691,1707,1703,1701,1697,1699,1695,1693,1705&#8243;][\/vc_column][vc_column width=&#8220;1\/6&#8243;][\/vc_column][\/vc_row][vc_row el_id=&#8220;tickets&#8220; el_class=&#8220;tickets-row&#8220;][vc_column][vc_column_text css=&#8220;&#8220; el_class=&#8220;tickets-title&#8220;]<\/p>\n<h3 style=\"text-align: center;\">\u0411\u0438\u043b\u0435\u0442\u044b<\/h3>\n<p>[\/vc_column_text][vc_column_text css=&#8220;&#8220;]<\/p>\n<table class=\"tickets-table\">\n<thead>\n<tr>\n<th>Wann<\/th>\n<th>Wo<\/th>\n<th>Tickets<\/th>\n<\/tr>\n<\/thead>\n<tbody>\n<tr>\n<td><b>8. M\u00e4rz 2026<\/b><br \/>\n18:00<\/td>\n<td><b>M\u00fcnchen<br \/>\n<\/b>Gasteig, Carl-Orff-Saal<\/td>\n<td><\/td>\n<\/tr>\n<tr>\n<td><b>9. M\u00e4rz 2026<\/b><br \/>\n19:30<\/td>\n<td><b>Hamburg<br \/>\n<\/b>Theater Kehrwieder<\/td>\n<td><\/td>\n<\/tr>\n<tr>\n<td><b>10. M\u00e4rz 2026<\/b><br \/>\n19:30<\/td>\n<td><b>Berlin<br \/>\n<\/b>Urania Berlin<\/td>\n<td><\/td>\n<\/tr>\n<tr>\n<td><b>22. Mai 2026<\/b><br \/>\n19:30<\/td>\n<td><b>Bad Homburg<br \/>\n<\/b>Kurtheater<\/td>\n<td><a class=\"ticket-link\" href=\"https:\/\/euticket.de\/events\/ticket.html?event_id=12564&amp;lang=de\" target=\"_blank\" rel=\"noopener\">Tickets<\/a><\/td>\n<\/tr>\n<tr>\n<td><b>23. Mai 2026<\/b><br \/>\n19:00<\/td>\n<td><b>Hilden (bei D\u00fcsseldorf)<br \/>\n<\/b>Stadthalle<\/td>\n<td><a class=\"ticket-link\" href=\"https:\/\/euticket.de\/events\/ticket.html?event_id=12294&amp;lang=de\" target=\"_blank\" rel=\"noopener\">Tickets<\/a><\/td>\n<\/tr>\n<\/tbody>\n<\/table>\n<p>[\/vc_column_text][\/vc_column][\/vc_row]<\/p>\n<\/div>","protected":false},"excerpt":{"rendered":"<p>8. M\u00e4rz \u2013 23. Mai 2026<\/p>\n","protected":false},"author":1,"featured_media":1678,"comment_status":"closed","ping_status":"closed","sticky":false,"template":"","format":"standard","meta":{"_acf_changed":false,"neve_meta_sidebar":"","neve_meta_container":"","neve_meta_enable_content_width":"off","neve_meta_content_width":100,"neve_meta_title_alignment":"","neve_meta_author_avatar":"","neve_post_elements_order":"","neve_meta_disable_header":"","neve_meta_disable_footer":"","neve_meta_disable_title":"","footnotes":""},"categories":[19],"tags":[],"class_list":["post-1686","post","type-post","status-publish","format-standard","has-post-thumbnail","hentry","category-veranstaltungen"],"acf":[],"yoast_head":"<!-- This site is optimized with the Yoast SEO plugin v27.1.1 - https:\/\/yoast.com\/product\/yoast-seo-wordpress\/ -->\n<title>Weltpremiere des Theaterst\u00fccks \u201eINOSTRANKA\u201c - A&amp;A Konzertagentur<\/title>\n<meta name=\"robots\" content=\"index, follow, max-snippet:-1, max-image-preview:large, max-video-preview:-1\" \/>\n<link rel=\"canonical\" href=\"https:\/\/euticket.de\/afisha\/inostranka\/\" \/>\n<meta property=\"og:locale\" content=\"de_DE\" \/>\n<meta property=\"og:type\" content=\"article\" \/>\n<meta property=\"og:title\" content=\"Weltpremiere des Theaterst\u00fccks \u201eINOSTRANKA\u201c - A&amp;A Konzertagentur\" \/>\n<meta property=\"og:description\" content=\"8. M\u00e4rz \u2013 23. Mai 2026\" \/>\n<meta property=\"og:url\" content=\"https:\/\/euticket.de\/afisha\/inostranka\/\" \/>\n<meta property=\"og:site_name\" content=\"A&amp;A Konzertagentur\" \/>\n<meta property=\"article:published_time\" content=\"2026-01-13T13:44:31+00:00\" \/>\n<meta property=\"article:modified_time\" content=\"2026-03-27T11:01:09+00:00\" \/>\n<meta property=\"og:image\" content=\"https:\/\/euticket.de\/library\/media\/inostranka-header.jpg\" \/>\n\t<meta property=\"og:image:width\" content=\"1920\" \/>\n\t<meta property=\"og:image:height\" content=\"522\" \/>\n\t<meta property=\"og:image:type\" content=\"image\/jpeg\" \/>\n<meta name=\"author\" content=\"PromAdmin\" \/>\n<meta name=\"twitter:card\" content=\"summary_large_image\" \/>\n<meta name=\"twitter:label1\" content=\"Verfasst von\" \/>\n\t<meta name=\"twitter:data1\" content=\"PromAdmin\" \/>\n\t<meta name=\"twitter:label2\" content=\"Gesch\u00e4tzte Lesezeit\" \/>\n\t<meta name=\"twitter:data2\" content=\"4\u00a0Minuten\" \/>\n<script type=\"application\/ld+json\" class=\"yoast-schema-graph\">{\"@context\":\"https:\/\/schema.org\",\"@graph\":[{\"@type\":\"Article\",\"@id\":\"https:\/\/euticket.de\/afisha\/inostranka\/#article\",\"isPartOf\":{\"@id\":\"https:\/\/euticket.de\/afisha\/inostranka\/\"},\"author\":{\"name\":\"PromAdmin\",\"@id\":\"https:\/\/euticket.de\/#\/schema\/person\/be8c19fe75af59836dddd4a3f3a5be0d\"},\"headline\":\"Weltpremiere des Theaterst\u00fccks \u201eINOSTRANKA\u201c\",\"datePublished\":\"2026-01-13T13:44:31+00:00\",\"dateModified\":\"2026-03-27T11:01:09+00:00\",\"mainEntityOfPage\":{\"@id\":\"https:\/\/euticket.de\/afisha\/inostranka\/\"},\"wordCount\":784,\"image\":{\"@id\":\"https:\/\/euticket.de\/afisha\/inostranka\/#primaryimage\"},\"thumbnailUrl\":\"https:\/\/euticket.de\/library\/media\/inostranka-header.jpg\",\"articleSection\":[\"Veranstaltungen\"],\"inLanguage\":\"de\"},{\"@type\":\"WebPage\",\"@id\":\"https:\/\/euticket.de\/afisha\/inostranka\/\",\"url\":\"https:\/\/euticket.de\/afisha\/inostranka\/\",\"name\":\"Weltpremiere des Theaterst\u00fccks \u201eINOSTRANKA\u201c - A&amp;A Konzertagentur\",\"isPartOf\":{\"@id\":\"https:\/\/euticket.de\/#website\"},\"primaryImageOfPage\":{\"@id\":\"https:\/\/euticket.de\/afisha\/inostranka\/#primaryimage\"},\"image\":{\"@id\":\"https:\/\/euticket.de\/afisha\/inostranka\/#primaryimage\"},\"thumbnailUrl\":\"https:\/\/euticket.de\/library\/media\/inostranka-header.jpg\",\"datePublished\":\"2026-01-13T13:44:31+00:00\",\"dateModified\":\"2026-03-27T11:01:09+00:00\",\"author\":{\"@id\":\"https:\/\/euticket.de\/#\/schema\/person\/be8c19fe75af59836dddd4a3f3a5be0d\"},\"breadcrumb\":{\"@id\":\"https:\/\/euticket.de\/afisha\/inostranka\/#breadcrumb\"},\"inLanguage\":\"de\",\"potentialAction\":[{\"@type\":\"ReadAction\",\"target\":[\"https:\/\/euticket.de\/afisha\/inostranka\/\"]}]},{\"@type\":\"ImageObject\",\"inLanguage\":\"de\",\"@id\":\"https:\/\/euticket.de\/afisha\/inostranka\/#primaryimage\",\"url\":\"https:\/\/euticket.de\/library\/media\/inostranka-header.jpg\",\"contentUrl\":\"https:\/\/euticket.de\/library\/media\/inostranka-header.jpg\",\"width\":1920,\"height\":522},{\"@type\":\"BreadcrumbList\",\"@id\":\"https:\/\/euticket.de\/afisha\/inostranka\/#breadcrumb\",\"itemListElement\":[{\"@type\":\"ListItem\",\"position\":1,\"name\":\"\u0413\u043b\u0430\u0432\u043d\u0430\u044f \u0441\u0442\u0440\u0430\u043d\u0438\u0446\u0430\",\"item\":\"https:\/\/euticket.de\/de\/\"},{\"@type\":\"ListItem\",\"position\":2,\"name\":\"Weltpremiere des Theaterst\u00fccks \u201eINOSTRANKA\u201c\"}]},{\"@type\":\"WebSite\",\"@id\":\"https:\/\/euticket.de\/#website\",\"url\":\"https:\/\/euticket.de\/\",\"name\":\"A&amp;A Konzertagentur\",\"description\":\"\",\"potentialAction\":[{\"@type\":\"SearchAction\",\"target\":{\"@type\":\"EntryPoint\",\"urlTemplate\":\"https:\/\/euticket.de\/?s={search_term_string}\"},\"query-input\":{\"@type\":\"PropertyValueSpecification\",\"valueRequired\":true,\"valueName\":\"search_term_string\"}}],\"inLanguage\":\"de\"},{\"@type\":\"Person\",\"@id\":\"https:\/\/euticket.de\/#\/schema\/person\/be8c19fe75af59836dddd4a3f3a5be0d\",\"name\":\"PromAdmin\",\"sameAs\":[\"https:\/\/euticket.de\"],\"url\":\"https:\/\/euticket.de\/de\/author\/promadmin\/\"}]}<\/script>\n<!-- \/ Yoast SEO plugin. -->","yoast_head_json":{"title":"Weltpremiere des Theaterst\u00fccks \u201eINOSTRANKA\u201c - A&amp;A Konzertagentur","robots":{"index":"index","follow":"follow","max-snippet":"max-snippet:-1","max-image-preview":"max-image-preview:large","max-video-preview":"max-video-preview:-1"},"canonical":"https:\/\/euticket.de\/afisha\/inostranka\/","og_locale":"de_DE","og_type":"article","og_title":"Weltpremiere des Theaterst\u00fccks \u201eINOSTRANKA\u201c - A&amp;A Konzertagentur","og_description":"8. M\u00e4rz \u2013 23. Mai 2026","og_url":"https:\/\/euticket.de\/afisha\/inostranka\/","og_site_name":"A&amp;A Konzertagentur","article_published_time":"2026-01-13T13:44:31+00:00","article_modified_time":"2026-03-27T11:01:09+00:00","og_image":[{"width":1920,"height":522,"url":"https:\/\/euticket.de\/library\/media\/inostranka-header.jpg","type":"image\/jpeg"}],"author":"PromAdmin","twitter_card":"summary_large_image","twitter_misc":{"Verfasst von":"PromAdmin","Gesch\u00e4tzte Lesezeit":"4\u00a0Minuten"},"schema":{"@context":"https:\/\/schema.org","@graph":[{"@type":"Article","@id":"https:\/\/euticket.de\/afisha\/inostranka\/#article","isPartOf":{"@id":"https:\/\/euticket.de\/afisha\/inostranka\/"},"author":{"name":"PromAdmin","@id":"https:\/\/euticket.de\/#\/schema\/person\/be8c19fe75af59836dddd4a3f3a5be0d"},"headline":"Weltpremiere des Theaterst\u00fccks \u201eINOSTRANKA\u201c","datePublished":"2026-01-13T13:44:31+00:00","dateModified":"2026-03-27T11:01:09+00:00","mainEntityOfPage":{"@id":"https:\/\/euticket.de\/afisha\/inostranka\/"},"wordCount":784,"image":{"@id":"https:\/\/euticket.de\/afisha\/inostranka\/#primaryimage"},"thumbnailUrl":"https:\/\/euticket.de\/library\/media\/inostranka-header.jpg","articleSection":["Veranstaltungen"],"inLanguage":"de"},{"@type":"WebPage","@id":"https:\/\/euticket.de\/afisha\/inostranka\/","url":"https:\/\/euticket.de\/afisha\/inostranka\/","name":"Weltpremiere des Theaterst\u00fccks \u201eINOSTRANKA\u201c - A&amp;A Konzertagentur","isPartOf":{"@id":"https:\/\/euticket.de\/#website"},"primaryImageOfPage":{"@id":"https:\/\/euticket.de\/afisha\/inostranka\/#primaryimage"},"image":{"@id":"https:\/\/euticket.de\/afisha\/inostranka\/#primaryimage"},"thumbnailUrl":"https:\/\/euticket.de\/library\/media\/inostranka-header.jpg","datePublished":"2026-01-13T13:44:31+00:00","dateModified":"2026-03-27T11:01:09+00:00","author":{"@id":"https:\/\/euticket.de\/#\/schema\/person\/be8c19fe75af59836dddd4a3f3a5be0d"},"breadcrumb":{"@id":"https:\/\/euticket.de\/afisha\/inostranka\/#breadcrumb"},"inLanguage":"de","potentialAction":[{"@type":"ReadAction","target":["https:\/\/euticket.de\/afisha\/inostranka\/"]}]},{"@type":"ImageObject","inLanguage":"de","@id":"https:\/\/euticket.de\/afisha\/inostranka\/#primaryimage","url":"https:\/\/euticket.de\/library\/media\/inostranka-header.jpg","contentUrl":"https:\/\/euticket.de\/library\/media\/inostranka-header.jpg","width":1920,"height":522},{"@type":"BreadcrumbList","@id":"https:\/\/euticket.de\/afisha\/inostranka\/#breadcrumb","itemListElement":[{"@type":"ListItem","position":1,"name":"\u0413\u043b\u0430\u0432\u043d\u0430\u044f \u0441\u0442\u0440\u0430\u043d\u0438\u0446\u0430","item":"https:\/\/euticket.de\/de\/"},{"@type":"ListItem","position":2,"name":"Weltpremiere des Theaterst\u00fccks \u201eINOSTRANKA\u201c"}]},{"@type":"WebSite","@id":"https:\/\/euticket.de\/#website","url":"https:\/\/euticket.de\/","name":"A&amp;A Konzertagentur","description":"","potentialAction":[{"@type":"SearchAction","target":{"@type":"EntryPoint","urlTemplate":"https:\/\/euticket.de\/?s={search_term_string}"},"query-input":{"@type":"PropertyValueSpecification","valueRequired":true,"valueName":"search_term_string"}}],"inLanguage":"de"},{"@type":"Person","@id":"https:\/\/euticket.de\/#\/schema\/person\/be8c19fe75af59836dddd4a3f3a5be0d","name":"PromAdmin","sameAs":["https:\/\/euticket.de"],"url":"https:\/\/euticket.de\/de\/author\/promadmin\/"}]}},"_links":{"self":[{"href":"https:\/\/euticket.de\/de\/wp-json\/wp\/v2\/posts\/1686","targetHints":{"allow":["GET"]}}],"collection":[{"href":"https:\/\/euticket.de\/de\/wp-json\/wp\/v2\/posts"}],"about":[{"href":"https:\/\/euticket.de\/de\/wp-json\/wp\/v2\/types\/post"}],"author":[{"embeddable":true,"href":"https:\/\/euticket.de\/de\/wp-json\/wp\/v2\/users\/1"}],"replies":[{"embeddable":true,"href":"https:\/\/euticket.de\/de\/wp-json\/wp\/v2\/comments?post=1686"}],"version-history":[{"count":14,"href":"https:\/\/euticket.de\/de\/wp-json\/wp\/v2\/posts\/1686\/revisions"}],"predecessor-version":[{"id":1797,"href":"https:\/\/euticket.de\/de\/wp-json\/wp\/v2\/posts\/1686\/revisions\/1797"}],"wp:featuredmedia":[{"embeddable":true,"href":"https:\/\/euticket.de\/de\/wp-json\/wp\/v2\/media\/1678"}],"wp:attachment":[{"href":"https:\/\/euticket.de\/de\/wp-json\/wp\/v2\/media?parent=1686"}],"wp:term":[{"taxonomy":"category","embeddable":true,"href":"https:\/\/euticket.de\/de\/wp-json\/wp\/v2\/categories?post=1686"},{"taxonomy":"post_tag","embeddable":true,"href":"https:\/\/euticket.de\/de\/wp-json\/wp\/v2\/tags?post=1686"}],"curies":[{"name":"wp","href":"https:\/\/api.w.org\/{rel}","templated":true}]}}