{"id":1292,"date":"2025-07-09T11:28:05","date_gmt":"2025-07-09T09:28:05","guid":{"rendered":"https:\/\/euticket.de\/?p=1292"},"modified":"2026-04-29T09:29:55","modified_gmt":"2026-04-29T07:29:55","slug":"koffer-nach-geschichten-von-sergei-dowlatow","status":"publish","type":"post","link":"https:\/\/euticket.de\/de\/archiv\/koffer-nach-geschichten-von-sergei-dowlatow\/","title":{"rendered":"\u201eKoffer\u201c <br>Theaterst\u00fcck nach Geschichten von Sergei Dowlatow"},"content":{"rendered":"<div class=\"wpb-content-wrapper\"><p>[vc_row][vc_column][vc_column_text css=&#8220;&#8220;]<\/p>\n<h5 class=\"event-header-title\" style=\"text-align: center;\">Deutschlandpremiere!<\/h5>\n<h3 style=\"text-align: center;\">\u201eKoffer\u201c, Theaterst\u00fcck nach Geschichten von Sergei Dowlatow<\/h3>\n<p>In dieser Performance geht es darum, wie man sein ganzes Leben in einen Koffer packt und die W\u00e4rme der Erinnerungen bewahrt, wenn man fern von zu Hause ist. Und darum, wie wir selbst in den schwierigsten Zeiten immer etwas haben, das uns st\u00e4rker macht \u2013 Erinnerung, Liebe, Hoffnung.<\/p>\n<p>Starbesetzung:<\/p>\n<ul>\n<li><strong>Alexey Kortnev<\/strong> \u2013 Musiker, Theater- und Filmschauspieler, Fernsehmoderator, Solist und Leiter der Gruppe \u201eNeschastny Sluchai\u201c.<\/li>\n<li><strong>Alexey Agranovich<\/strong> \u2013 Schauspieler, Regisseur, Produzent, 2021\u20132022 \u2013 K\u00fcnstlerischer Leiter des \u201eGogol Center\u201c. Er spielte in \u00fcber 30 Filmen und Fernsehserien mit und spielte in St\u00fccken von Kirill Serebrennikov. Zweimal nominiert f\u00fcr die \u201eGoldene Maske\u201c.<\/li>\n<li><strong>Semyon Treskunov<\/strong> \u2013 Schauspieler, Drehbuchautor, Regisseur. Sein Filmdeb\u00fct gab er im Alter von 11 Jahren. Er spielte in den Filmen \u201eM\u00fctter\u201c, \u201eGeist\u201c, \u201eEhrlicher Pionier\u201c und den Fernsehserien \u201eAmpel\u201c und \u201eIwanow-Iwanow\u201c.<\/li>\n<li><strong>Valentin Samokhin<\/strong> \u2014 Theater- und Filmschauspieler, der unter der Regie von Armen Dzhigarkhanyan im Theater t\u00e4tig war und in Produktionen im Meyerhold Center, im Theater der Nationen und im \u201eInside\u201c Space auftrat.<\/li>\n<li><strong>Anna Tsagarelli<\/strong> \u2014 Pianistin, K\u00fcnstlerin der Nationalphilharmonie Armeniens, Preistr\u00e4gerin internationaler Wettbewerbe und regelm\u00e4\u00dfige Teilnehmerin an Kammermusikkonzerten im Bolschoi-Theater Russlands.<\/li>\n<\/ul>\n<p>Die f\u00fcr das St\u00fcck komponierte Musik schafft eine wunderbare Atmosph\u00e4re, in der Lachen und Nostalgie zusammentreffen und einfache Geschichten zu ewigen Themen \u00fcber Liebe, Freundschaft und Selbstfindung werden.<\/p>\n<p>Sprache des St\u00fccks: Russisch.<br \/>\nDauer: 2 Stunden 20 Minuten, keine Pause.[\/vc_column_text][\/vc_column][\/vc_row][vc_row full_width=&#8220;stretch_row_content&#8220; equal_height=&#8220;yes&#8220; content_placement=&#8220;middle&#8220; el_class=&#8220;event-media-row&#8220;][vc_column width=&#8220;1\/6&#8243;][\/vc_column][vc_column width=&#8220;4\/6&#8243;][vc_media_grid gap=&#8220;25&#8243; css=&#8220;&#8220; grid_id=&#8220;vc_gid:1777447714920-c5a0f86c-0e93-6&#8243; include=&#8220;1356,1384,1382,1380,1378,1374,1376,1372,1370,1368,1366,1364,1362,1360,1358&#8243;][\/vc_column][vc_column width=&#8220;1\/6&#8243;][\/vc_column][\/vc_row][vc_row el_id=&#8220;tickets&#8220; el_class=&#8220;tickets-row&#8220;][vc_column][vc_column_text css=&#8220;&#8220; el_class=&#8220;tickets-title&#8220;]<\/p>\n<h3 style=\"text-align: center;\">Tickets<\/h3>\n<p>[\/vc_column_text][vc_column_text css=&#8220;&#8220;]<\/p>\n<table class=\"tickets-table\">\n<thead>\n<tr>\n<th>Wann<\/th>\n<th>Wo<\/th>\n<th style=\"text-align: center;\">Tickets<\/th>\n<\/tr>\n<\/thead>\n<tbody>\n<tr>\n<td><b>15. April 2026<\/b><br \/>\n19:30<\/td>\n<td><b>M\u00fcnchen<br \/>\n<\/b>Gasteig, Carl-Orff-Saal<\/td>\n<td style=\"text-align: center;\"><\/td>\n<\/tr>\n<tr>\n<td><b>16. April 2026<\/b><br \/>\n19:30<\/td>\n<td><b>Neu Ulm<br \/>\n<\/b>Edwin-Scharff-Haus<\/td>\n<td style=\"text-align: center;\"><\/td>\n<\/tr>\n<tr>\n<td><b>17. April 2026<\/b><br \/>\n19:00<\/td>\n<td><b>Karlsruhe<br \/>\n<\/b>Konzerthaus<\/td>\n<td style=\"text-align: center;\"><\/td>\n<\/tr>\n<tr>\n<td><b>20. April 2026<\/b><br \/>\n19:30<\/td>\n<td><b>G\u00fctersloh<br \/>\n<\/b>Stadthalle<\/td>\n<td style=\"text-align: center;\"><\/td>\n<\/tr>\n<tr>\n<td><b>21. April 2026<\/b><br \/>\n19:30<\/td>\n<td><b>Hamburg<br \/>\n<\/b>Theater Kehrwieder<\/td>\n<td style=\"text-align: center;\"><\/td>\n<\/tr>\n<tr>\n<td><b>24. April 2026<\/b><br \/>\n19:30<\/td>\n<td><strong>K\u00f6ln<\/strong><br \/>\nRathaussaal Porz<\/td>\n<td style=\"text-align: center;\"><\/td>\n<\/tr>\n<tr>\n<td><b>25. April 2026<\/b><br \/>\n19:30<\/td>\n<td><b>Hilden (bei D\u00fcsseldorf)<br \/>\n<\/b>Stadthalle<\/td>\n<td style=\"text-align: center;\"><\/td>\n<\/tr>\n<tr>\n<td><b>26. April 2026<\/b><br \/>\n18:00<\/td>\n<td><b>Offenbach am Main<br \/>\n<\/b>Capitol Theater<\/td>\n<td style=\"text-align: center;\"><\/td>\n<\/tr>\n<tr>\n<td><b>28. April 2026<\/b><br \/>\n19:30<\/td>\n<td><b>Berlin<br \/>\n<\/b>Urania, Humbold Saal<\/td>\n<td style=\"text-align: center;\"><\/td>\n<\/tr>\n<\/tbody>\n<\/table>\n<p>[\/vc_column_text][\/vc_column][\/vc_row]<\/p>\n<\/div>","protected":false},"excerpt":{"rendered":"<p>15.\u201328. April 2026<\/p>\n","protected":false},"author":1,"featured_media":1288,"comment_status":"closed","ping_status":"closed","sticky":false,"template":"","format":"standard","meta":{"_acf_changed":false,"neve_meta_sidebar":"","neve_meta_container":"","neve_meta_enable_content_width":"off","neve_meta_content_width":100,"neve_meta_title_alignment":"","neve_meta_author_avatar":"","neve_post_elements_order":"","neve_meta_disable_header":"","neve_meta_disable_footer":"","neve_meta_disable_title":"","footnotes":""},"categories":[22],"tags":[],"class_list":["post-1292","post","type-post","status-publish","format-standard","has-post-thumbnail","hentry","category-archiv"],"acf":[],"yoast_head":"<!-- This site is optimized with the Yoast SEO plugin v27.1.1 - https:\/\/yoast.com\/product\/yoast-seo-wordpress\/ -->\n<title>\u201eKoffer\u201c Theaterst\u00fcck nach Geschichten von Sergei Dowlatow - A&amp;A Konzertagentur<\/title>\n<meta name=\"robots\" content=\"index, follow, max-snippet:-1, max-image-preview:large, max-video-preview:-1\" \/>\n<link rel=\"canonical\" href=\"https:\/\/euticket.de\/de\/archiv\/koffer-nach-geschichten-von-sergei-dowlatow\/\" \/>\n<meta property=\"og:locale\" content=\"de_DE\" \/>\n<meta property=\"og:type\" content=\"article\" \/>\n<meta property=\"og:title\" content=\"\u201eKoffer\u201c Theaterst\u00fcck nach Geschichten von Sergei Dowlatow - A&amp;A Konzertagentur\" \/>\n<meta property=\"og:description\" content=\"15.\u201328. April 2026\" \/>\n<meta property=\"og:url\" content=\"https:\/\/euticket.de\/de\/archiv\/koffer-nach-geschichten-von-sergei-dowlatow\/\" \/>\n<meta property=\"og:site_name\" content=\"A&amp;A Konzertagentur\" \/>\n<meta property=\"article:published_time\" content=\"2025-07-09T09:28:05+00:00\" \/>\n<meta property=\"article:modified_time\" content=\"2026-04-29T07:29:55+00:00\" \/>\n<meta property=\"og:image\" content=\"https:\/\/euticket.de\/library\/media\/chemodan-header.jpg\" \/>\n\t<meta property=\"og:image:width\" content=\"1920\" \/>\n\t<meta property=\"og:image:height\" content=\"522\" \/>\n\t<meta property=\"og:image:type\" content=\"image\/jpeg\" \/>\n<meta name=\"author\" content=\"PromAdmin\" \/>\n<meta name=\"twitter:card\" content=\"summary_large_image\" \/>\n<meta name=\"twitter:label1\" content=\"Verfasst von\" \/>\n\t<meta name=\"twitter:data1\" content=\"PromAdmin\" \/>\n\t<meta name=\"twitter:label2\" content=\"Gesch\u00e4tzte Lesezeit\" \/>\n\t<meta name=\"twitter:data2\" content=\"5\u00a0Minuten\" \/>\n<script type=\"application\/ld+json\" class=\"yoast-schema-graph\">{\"@context\":\"https:\/\/schema.org\",\"@graph\":[{\"@type\":\"Article\",\"@id\":\"https:\/\/euticket.de\/de\/archiv\/koffer-nach-geschichten-von-sergei-dowlatow\/#article\",\"isPartOf\":{\"@id\":\"https:\/\/euticket.de\/de\/archiv\/koffer-nach-geschichten-von-sergei-dowlatow\/\"},\"author\":{\"name\":\"PromAdmin\",\"@id\":\"https:\/\/euticket.de\/#\/schema\/person\/be8c19fe75af59836dddd4a3f3a5be0d\"},\"headline\":\"\u201eKoffer\u201c Theaterst\u00fcck nach Geschichten von Sergei Dowlatow\",\"datePublished\":\"2025-07-09T09:28:05+00:00\",\"dateModified\":\"2026-04-29T07:29:55+00:00\",\"mainEntityOfPage\":{\"@id\":\"https:\/\/euticket.de\/de\/archiv\/koffer-nach-geschichten-von-sergei-dowlatow\/\"},\"wordCount\":380,\"image\":{\"@id\":\"https:\/\/euticket.de\/de\/archiv\/koffer-nach-geschichten-von-sergei-dowlatow\/#primaryimage\"},\"thumbnailUrl\":\"https:\/\/euticket.de\/library\/media\/chemodan-header.jpg\",\"articleSection\":[\"Archiv\"],\"inLanguage\":\"de\"},{\"@type\":\"WebPage\",\"@id\":\"https:\/\/euticket.de\/de\/archiv\/koffer-nach-geschichten-von-sergei-dowlatow\/\",\"url\":\"https:\/\/euticket.de\/de\/archiv\/koffer-nach-geschichten-von-sergei-dowlatow\/\",\"name\":\"\u201eKoffer\u201c Theaterst\u00fcck nach Geschichten von Sergei Dowlatow - A&amp;A Konzertagentur\",\"isPartOf\":{\"@id\":\"https:\/\/euticket.de\/#website\"},\"primaryImageOfPage\":{\"@id\":\"https:\/\/euticket.de\/de\/archiv\/koffer-nach-geschichten-von-sergei-dowlatow\/#primaryimage\"},\"image\":{\"@id\":\"https:\/\/euticket.de\/de\/archiv\/koffer-nach-geschichten-von-sergei-dowlatow\/#primaryimage\"},\"thumbnailUrl\":\"https:\/\/euticket.de\/library\/media\/chemodan-header.jpg\",\"datePublished\":\"2025-07-09T09:28:05+00:00\",\"dateModified\":\"2026-04-29T07:29:55+00:00\",\"author\":{\"@id\":\"https:\/\/euticket.de\/#\/schema\/person\/be8c19fe75af59836dddd4a3f3a5be0d\"},\"breadcrumb\":{\"@id\":\"https:\/\/euticket.de\/de\/archiv\/koffer-nach-geschichten-von-sergei-dowlatow\/#breadcrumb\"},\"inLanguage\":\"de\",\"potentialAction\":[{\"@type\":\"ReadAction\",\"target\":[\"https:\/\/euticket.de\/de\/archiv\/koffer-nach-geschichten-von-sergei-dowlatow\/\"]}]},{\"@type\":\"ImageObject\",\"inLanguage\":\"de\",\"@id\":\"https:\/\/euticket.de\/de\/archiv\/koffer-nach-geschichten-von-sergei-dowlatow\/#primaryimage\",\"url\":\"https:\/\/euticket.de\/library\/media\/chemodan-header.jpg\",\"contentUrl\":\"https:\/\/euticket.de\/library\/media\/chemodan-header.jpg\",\"width\":1920,\"height\":522},{\"@type\":\"BreadcrumbList\",\"@id\":\"https:\/\/euticket.de\/de\/archiv\/koffer-nach-geschichten-von-sergei-dowlatow\/#breadcrumb\",\"itemListElement\":[{\"@type\":\"ListItem\",\"position\":1,\"name\":\"\u0413\u043b\u0430\u0432\u043d\u0430\u044f \u0441\u0442\u0440\u0430\u043d\u0438\u0446\u0430\",\"item\":\"https:\/\/euticket.de\/de\/\"},{\"@type\":\"ListItem\",\"position\":2,\"name\":\"\u201eKoffer\u201c Theaterst\u00fcck nach Geschichten von Sergei Dowlatow\"}]},{\"@type\":\"WebSite\",\"@id\":\"https:\/\/euticket.de\/#website\",\"url\":\"https:\/\/euticket.de\/\",\"name\":\"A&amp;A Konzertagentur\",\"description\":\"\",\"potentialAction\":[{\"@type\":\"SearchAction\",\"target\":{\"@type\":\"EntryPoint\",\"urlTemplate\":\"https:\/\/euticket.de\/?s={search_term_string}\"},\"query-input\":{\"@type\":\"PropertyValueSpecification\",\"valueRequired\":true,\"valueName\":\"search_term_string\"}}],\"inLanguage\":\"de\"},{\"@type\":\"Person\",\"@id\":\"https:\/\/euticket.de\/#\/schema\/person\/be8c19fe75af59836dddd4a3f3a5be0d\",\"name\":\"PromAdmin\",\"sameAs\":[\"https:\/\/euticket.de\"],\"url\":\"https:\/\/euticket.de\/de\/author\/promadmin\/\"}]}<\/script>\n<!-- \/ Yoast SEO plugin. -->","yoast_head_json":{"title":"\u201eKoffer\u201c Theaterst\u00fcck nach Geschichten von Sergei Dowlatow - A&amp;A Konzertagentur","robots":{"index":"index","follow":"follow","max-snippet":"max-snippet:-1","max-image-preview":"max-image-preview:large","max-video-preview":"max-video-preview:-1"},"canonical":"https:\/\/euticket.de\/de\/archiv\/koffer-nach-geschichten-von-sergei-dowlatow\/","og_locale":"de_DE","og_type":"article","og_title":"\u201eKoffer\u201c Theaterst\u00fcck nach Geschichten von Sergei Dowlatow - A&amp;A Konzertagentur","og_description":"15.\u201328. April 2026","og_url":"https:\/\/euticket.de\/de\/archiv\/koffer-nach-geschichten-von-sergei-dowlatow\/","og_site_name":"A&amp;A Konzertagentur","article_published_time":"2025-07-09T09:28:05+00:00","article_modified_time":"2026-04-29T07:29:55+00:00","og_image":[{"width":1920,"height":522,"url":"https:\/\/euticket.de\/library\/media\/chemodan-header.jpg","type":"image\/jpeg"}],"author":"PromAdmin","twitter_card":"summary_large_image","twitter_misc":{"Verfasst von":"PromAdmin","Gesch\u00e4tzte Lesezeit":"5\u00a0Minuten"},"schema":{"@context":"https:\/\/schema.org","@graph":[{"@type":"Article","@id":"https:\/\/euticket.de\/de\/archiv\/koffer-nach-geschichten-von-sergei-dowlatow\/#article","isPartOf":{"@id":"https:\/\/euticket.de\/de\/archiv\/koffer-nach-geschichten-von-sergei-dowlatow\/"},"author":{"name":"PromAdmin","@id":"https:\/\/euticket.de\/#\/schema\/person\/be8c19fe75af59836dddd4a3f3a5be0d"},"headline":"\u201eKoffer\u201c Theaterst\u00fcck nach Geschichten von Sergei Dowlatow","datePublished":"2025-07-09T09:28:05+00:00","dateModified":"2026-04-29T07:29:55+00:00","mainEntityOfPage":{"@id":"https:\/\/euticket.de\/de\/archiv\/koffer-nach-geschichten-von-sergei-dowlatow\/"},"wordCount":380,"image":{"@id":"https:\/\/euticket.de\/de\/archiv\/koffer-nach-geschichten-von-sergei-dowlatow\/#primaryimage"},"thumbnailUrl":"https:\/\/euticket.de\/library\/media\/chemodan-header.jpg","articleSection":["Archiv"],"inLanguage":"de"},{"@type":"WebPage","@id":"https:\/\/euticket.de\/de\/archiv\/koffer-nach-geschichten-von-sergei-dowlatow\/","url":"https:\/\/euticket.de\/de\/archiv\/koffer-nach-geschichten-von-sergei-dowlatow\/","name":"\u201eKoffer\u201c Theaterst\u00fcck nach Geschichten von Sergei Dowlatow - A&amp;A Konzertagentur","isPartOf":{"@id":"https:\/\/euticket.de\/#website"},"primaryImageOfPage":{"@id":"https:\/\/euticket.de\/de\/archiv\/koffer-nach-geschichten-von-sergei-dowlatow\/#primaryimage"},"image":{"@id":"https:\/\/euticket.de\/de\/archiv\/koffer-nach-geschichten-von-sergei-dowlatow\/#primaryimage"},"thumbnailUrl":"https:\/\/euticket.de\/library\/media\/chemodan-header.jpg","datePublished":"2025-07-09T09:28:05+00:00","dateModified":"2026-04-29T07:29:55+00:00","author":{"@id":"https:\/\/euticket.de\/#\/schema\/person\/be8c19fe75af59836dddd4a3f3a5be0d"},"breadcrumb":{"@id":"https:\/\/euticket.de\/de\/archiv\/koffer-nach-geschichten-von-sergei-dowlatow\/#breadcrumb"},"inLanguage":"de","potentialAction":[{"@type":"ReadAction","target":["https:\/\/euticket.de\/de\/archiv\/koffer-nach-geschichten-von-sergei-dowlatow\/"]}]},{"@type":"ImageObject","inLanguage":"de","@id":"https:\/\/euticket.de\/de\/archiv\/koffer-nach-geschichten-von-sergei-dowlatow\/#primaryimage","url":"https:\/\/euticket.de\/library\/media\/chemodan-header.jpg","contentUrl":"https:\/\/euticket.de\/library\/media\/chemodan-header.jpg","width":1920,"height":522},{"@type":"BreadcrumbList","@id":"https:\/\/euticket.de\/de\/archiv\/koffer-nach-geschichten-von-sergei-dowlatow\/#breadcrumb","itemListElement":[{"@type":"ListItem","position":1,"name":"\u0413\u043b\u0430\u0432\u043d\u0430\u044f \u0441\u0442\u0440\u0430\u043d\u0438\u0446\u0430","item":"https:\/\/euticket.de\/de\/"},{"@type":"ListItem","position":2,"name":"\u201eKoffer\u201c Theaterst\u00fcck nach Geschichten von Sergei Dowlatow"}]},{"@type":"WebSite","@id":"https:\/\/euticket.de\/#website","url":"https:\/\/euticket.de\/","name":"A&amp;A Konzertagentur","description":"","potentialAction":[{"@type":"SearchAction","target":{"@type":"EntryPoint","urlTemplate":"https:\/\/euticket.de\/?s={search_term_string}"},"query-input":{"@type":"PropertyValueSpecification","valueRequired":true,"valueName":"search_term_string"}}],"inLanguage":"de"},{"@type":"Person","@id":"https:\/\/euticket.de\/#\/schema\/person\/be8c19fe75af59836dddd4a3f3a5be0d","name":"PromAdmin","sameAs":["https:\/\/euticket.de"],"url":"https:\/\/euticket.de\/de\/author\/promadmin\/"}]}},"_links":{"self":[{"href":"https:\/\/euticket.de\/de\/wp-json\/wp\/v2\/posts\/1292","targetHints":{"allow":["GET"]}}],"collection":[{"href":"https:\/\/euticket.de\/de\/wp-json\/wp\/v2\/posts"}],"about":[{"href":"https:\/\/euticket.de\/de\/wp-json\/wp\/v2\/types\/post"}],"author":[{"embeddable":true,"href":"https:\/\/euticket.de\/de\/wp-json\/wp\/v2\/users\/1"}],"replies":[{"embeddable":true,"href":"https:\/\/euticket.de\/de\/wp-json\/wp\/v2\/comments?post=1292"}],"version-history":[{"count":26,"href":"https:\/\/euticket.de\/de\/wp-json\/wp\/v2\/posts\/1292\/revisions"}],"predecessor-version":[{"id":1844,"href":"https:\/\/euticket.de\/de\/wp-json\/wp\/v2\/posts\/1292\/revisions\/1844"}],"wp:featuredmedia":[{"embeddable":true,"href":"https:\/\/euticket.de\/de\/wp-json\/wp\/v2\/media\/1288"}],"wp:attachment":[{"href":"https:\/\/euticket.de\/de\/wp-json\/wp\/v2\/media?parent=1292"}],"wp:term":[{"taxonomy":"category","embeddable":true,"href":"https:\/\/euticket.de\/de\/wp-json\/wp\/v2\/categories?post=1292"},{"taxonomy":"post_tag","embeddable":true,"href":"https:\/\/euticket.de\/de\/wp-json\/wp\/v2\/tags?post=1292"}],"curies":[{"name":"wp","href":"https:\/\/api.w.org\/{rel}","templated":true}]}}