{"id":1135,"date":"2025-06-27T18:46:00","date_gmt":"2025-06-27T16:46:00","guid":{"rendered":"https:\/\/euticket.de\/?p=1135"},"modified":"2025-07-03T10:48:42","modified_gmt":"2025-07-03T08:48:42","slug":"welpenhelden-retten-das-neue-jahr","status":"publish","type":"post","link":"https:\/\/euticket.de\/de\/archiv\/welpenhelden-retten-das-neue-jahr\/","title":{"rendered":"\u201eWelpenhelden retten das neue Jahr\u201c"},"content":{"rendered":"<div class=\"wpb-content-wrapper\"><p>[vc_row][vc_column][vc_column_text css=&#8220;&#8220;]<\/p>\n<h3 style=\"text-align: center;\">\u201eWelpenhelden retten das neue Jahr\u201c<\/h3>\n<p>Neujahrsvorstellung \u201eWelpenhelden retten das neue Jahr\u201c &#8211; Entdecken Sie die fabelhafte Welt der Neujahrsabenteuer zusammen mit einem Team von mutigen Welpen. Schenken Sie Ihren Kleinen eine unvergessliche Reise.<br \/>\nUm das neue Jahr zu retten, m\u00fcssen die Welpen hart arbeiten, aber die kleinen Zuschauer k\u00f6nnen ihnen dabei helfen. Und dann beginnen die Feierlichkeiten mit V\u00e4terchen Frost und Schneem\u00e4dchen. Und das eigentliche Geschenk f\u00fcr die Zuschauer ist der feierliche Start eines Zauberballons, der W\u00fcnsche erf\u00fcllt.<br \/>\nDie Auff\u00fchrung wird von heiterer Musik und Tanzeinlagen begleitet. Die Figuren kommunizieren st\u00e4ndig mit dem Publikum und beziehen es in das Geschehen auf der B\u00fchne ein. Die farbenfrohen Kost\u00fcme begeistern die Kinder, und die atemberaubende Kulisse und die Spezialeffekte lassen auch die Erwachsenen nicht gleichg\u00fcltig.<\/p>\n<ul>\n<li>Unglaublich realistischer vier Meter gro\u00dfer Drache<\/li>\n<li>Maximale Interaktivit\u00e4t mit dem gesamten Auditorium<\/li>\n<li>Neujahrsgeschenke von Ded Moroz und Snegurotschka f\u00fcr jedes Kind<\/li>\n<li>Kostenloser Fototermin mit Ded Moroz und Snegurotschka und M\u00e4rchenfiguren<br \/>\nund vieles, vieles mehr&#8230;<\/li>\n<\/ul>\n<p>Die Show ist f\u00fcr Kinder ab drei Jahren geeignet.<br \/>\nKinder unter drei Jahren werden mit einer Eintrittskarte zusammen mit einem Erwachsenen zugelassen, ohne das Recht auf einen separaten Sitzplatz.<\/p>\n<p>Beeilen Sie sich, um Karten f\u00fcr diese wunderbare Show zu kaufen! Dann werden die W\u00fcnsche Ihrer Kinder bestimmt in Erf\u00fcllung gehen.<\/p>\n<p>[\/vc_column_text][vc_images_carousel images=&#8220;982,984,986&#8243; img_size=&#8220;full&#8220; slides_per_view=&#8220;3&#8243; hide_pagination_control=&#8220;yes&#8220; hide_prev_next_buttons=&#8220;yes&#8220; css=&#8220;&#8220;][\/vc_column][\/vc_row][vc_row][vc_column][vc_column_text]<\/p>\n<table class=\"tickets-table\">\n<thead>\n<tr>\n<th>Wann<\/th>\n<th>Wo<\/th>\n<th>Tickets<\/th>\n<\/tr>\n<\/thead>\n<tbody>\n<tr>\n<td><strong>9. Dezember 2021<\/strong><br \/>\n17:30<\/td>\n<td><b>Berlin<br \/>\n<\/b>Ernst-Reuter-Saal\/Reinickendorf<\/td>\n<td><\/td>\n<\/tr>\n<tr>\n<td><strong>10. Dezember 2021<\/strong><br \/>\n17:30<\/td>\n<td><b>Hannover<br \/>\n<\/b>Freizeitheim D\u00f6hren<\/td>\n<td><\/td>\n<\/tr>\n<tr>\n<td><strong>11. Dezember 2021<\/strong><br \/>\n17:00<\/td>\n<td><b>Hamburg<br \/>\n<\/b>B\u00fcrgerhaus Wilhelmsburg<\/td>\n<td><\/td>\n<\/tr>\n<tr>\n<td><strong>12. Dezember 2021<\/strong><br \/>\n16:00<\/td>\n<td><b>K\u00f6ln<br \/>\n<\/b>Rathaussaal Porz<\/td>\n<td><\/td>\n<\/tr>\n<tr>\n<td><strong>13. Dezember 2021<\/strong><br \/>\n17:30<\/td>\n<td><b>M\u00fcnchen<br \/>\n<\/b>Kulturzentrum Trudering<\/td>\n<td><\/td>\n<\/tr>\n<tr>\n<td><strong>14. Dezember 2021<\/strong><br \/>\n17:30<\/td>\n<td><b>Villingen-Schwenningen<br \/>\n<\/b>Neue Tonhalle<\/td>\n<td><\/td>\n<\/tr>\n<tr>\n<td><strong>15. Dezember 2021<\/strong><br \/>\n17:30<\/td>\n<td><b>Siegen<br \/>\n<\/b>Bismarckhalle, kleiner Saal<\/td>\n<td><\/td>\n<\/tr>\n<tr>\n<td><strong>16. Dezember 2021<\/strong><br \/>\n17:30<\/td>\n<td><b>Unna<br \/>\n<\/b>Stadthalle<\/td>\n<td><\/td>\n<\/tr>\n<tr>\n<td><strong>17. Dezember 2021<\/strong><br \/>\n17:30<\/td>\n<td><b>Ratingen (D\u00fcsseldorf)<br \/>\n<\/b>Theater<\/td>\n<td><\/td>\n<\/tr>\n<tr>\n<td><strong>18. Dezember 2021<\/strong><br \/>\n16:00<\/td>\n<td><b>Koblenz<br \/>\n<\/b>Rhein-Mosel-Halle<\/td>\n<td><\/td>\n<\/tr>\n<tr>\n<td><strong>19. Dezember 2021<\/strong><br \/>\n16:00<\/td>\n<td><b>Pforzheim<br \/>\n<\/b>Congress Centrum<\/td>\n<td><\/td>\n<\/tr>\n<tr>\n<td><strong>20. Dezember 2021<\/strong><br \/>\n17:30<\/td>\n<td><b>Friedrichshafen<br \/>\n<\/b>Graf Zeppelin Haus<\/td>\n<td><\/td>\n<\/tr>\n<tr>\n<td><strong>22. Dezember 2021<\/strong><br \/>\n17:30<\/td>\n<td><b>Duisburg<br \/>\n<\/b>Stadthalle Walsum<\/td>\n<td><\/td>\n<\/tr>\n<tr>\n<td><strong>23. Dezember 2021<\/strong><br \/>\n17:30<\/td>\n<td><b>Paderborn<br \/>\n<\/b>Paderhalle<\/td>\n<td><\/td>\n<\/tr>\n<tr>\n<td><strong>26. Dezember 2021<\/strong><br \/>\n16:00<\/td>\n<td><b>Ingolstadt<br \/>\n<\/b>Theater<\/td>\n<td><\/td>\n<\/tr>\n<tr>\n<td><strong>27. Dezember 2021<\/strong><br \/>\n16:00<\/td>\n<td><b>Rosenheim<br \/>\n<\/b>Ballhaus<\/td>\n<td><\/td>\n<\/tr>\n<tr>\n<td><strong>28. Dezember 2021<\/strong><br \/>\n16:00<\/td>\n<td><b>Stuttgart<br \/>\n<\/b>Kulturhaus Arena<\/td>\n<td><\/td>\n<\/tr>\n<tr>\n<td><strong>29. Dezember 2021<\/strong><br \/>\n16:00<\/td>\n<td><b>Frankfurt am Main<br \/>\n<\/b>Saalbau Bornheim<\/td>\n<td><\/td>\n<\/tr>\n<\/tbody>\n<\/table>\n<p>[\/vc_column_text][\/vc_column][\/vc_row]<\/p>\n<\/div>","protected":false},"excerpt":{"rendered":"<p>9.\u201329. Dezember 2021<\/p>\n","protected":false},"author":1,"featured_media":854,"comment_status":"closed","ping_status":"closed","sticky":false,"template":"","format":"standard","meta":{"_acf_changed":false,"neve_meta_sidebar":"","neve_meta_container":"","neve_meta_enable_content_width":"off","neve_meta_content_width":100,"neve_meta_title_alignment":"","neve_meta_author_avatar":"","neve_post_elements_order":"","neve_meta_disable_header":"","neve_meta_disable_footer":"","neve_meta_disable_title":"","footnotes":""},"categories":[22],"tags":[],"class_list":["post-1135","post","type-post","status-publish","format-standard","has-post-thumbnail","hentry","category-archiv"],"acf":[],"yoast_head":"<!-- This site is optimized with the Yoast SEO plugin v27.1.1 - https:\/\/yoast.com\/product\/yoast-seo-wordpress\/ -->\n<title>\u201eWelpenhelden retten das neue Jahr\u201c - A&amp;A Konzertagentur<\/title>\n<meta name=\"robots\" content=\"index, follow, max-snippet:-1, max-image-preview:large, max-video-preview:-1\" \/>\n<link rel=\"canonical\" href=\"https:\/\/euticket.de\/de\/archiv\/welpenhelden-retten-das-neue-jahr\/\" \/>\n<meta property=\"og:locale\" content=\"de_DE\" \/>\n<meta property=\"og:type\" content=\"article\" \/>\n<meta property=\"og:title\" content=\"\u201eWelpenhelden retten das neue Jahr\u201c - A&amp;A Konzertagentur\" \/>\n<meta property=\"og:description\" content=\"9.\u201329. Dezember 2021\" \/>\n<meta property=\"og:url\" content=\"https:\/\/euticket.de\/de\/archiv\/welpenhelden-retten-das-neue-jahr\/\" \/>\n<meta property=\"og:site_name\" content=\"A&amp;A Konzertagentur\" \/>\n<meta property=\"article:published_time\" content=\"2025-06-27T16:46:00+00:00\" \/>\n<meta property=\"article:modified_time\" content=\"2025-07-03T08:48:42+00:00\" \/>\n<meta property=\"og:image\" content=\"https:\/\/euticket.de\/library\/media\/paws-2020-banner.jpg\" \/>\n\t<meta property=\"og:image:width\" content=\"1920\" \/>\n\t<meta property=\"og:image:height\" content=\"522\" \/>\n\t<meta property=\"og:image:type\" content=\"image\/jpeg\" \/>\n<meta name=\"author\" content=\"PromAdmin\" \/>\n<meta name=\"twitter:card\" content=\"summary_large_image\" \/>\n<meta name=\"twitter:label1\" content=\"Verfasst von\" \/>\n\t<meta name=\"twitter:data1\" content=\"PromAdmin\" \/>\n\t<meta name=\"twitter:label2\" content=\"Gesch\u00e4tzte Lesezeit\" \/>\n\t<meta name=\"twitter:data2\" content=\"3\u00a0Minuten\" \/>\n<script type=\"application\/ld+json\" class=\"yoast-schema-graph\">{\"@context\":\"https:\/\/schema.org\",\"@graph\":[{\"@type\":\"Article\",\"@id\":\"https:\/\/euticket.de\/de\/archiv\/welpenhelden-retten-das-neue-jahr\/#article\",\"isPartOf\":{\"@id\":\"https:\/\/euticket.de\/de\/archiv\/welpenhelden-retten-das-neue-jahr\/\"},\"author\":{\"name\":\"PromAdmin\",\"@id\":\"https:\/\/euticket.de\/#\/schema\/person\/be8c19fe75af59836dddd4a3f3a5be0d\"},\"headline\":\"\u201eWelpenhelden retten das neue Jahr\u201c\",\"datePublished\":\"2025-06-27T16:46:00+00:00\",\"dateModified\":\"2025-07-03T08:48:42+00:00\",\"mainEntityOfPage\":{\"@id\":\"https:\/\/euticket.de\/de\/archiv\/welpenhelden-retten-das-neue-jahr\/\"},\"wordCount\":360,\"image\":{\"@id\":\"https:\/\/euticket.de\/de\/archiv\/welpenhelden-retten-das-neue-jahr\/#primaryimage\"},\"thumbnailUrl\":\"https:\/\/euticket.de\/library\/media\/paws-2020-banner.jpg\",\"articleSection\":[\"Archiv\"],\"inLanguage\":\"de\"},{\"@type\":\"WebPage\",\"@id\":\"https:\/\/euticket.de\/de\/archiv\/welpenhelden-retten-das-neue-jahr\/\",\"url\":\"https:\/\/euticket.de\/de\/archiv\/welpenhelden-retten-das-neue-jahr\/\",\"name\":\"\u201eWelpenhelden retten das neue Jahr\u201c - A&amp;A Konzertagentur\",\"isPartOf\":{\"@id\":\"https:\/\/euticket.de\/#website\"},\"primaryImageOfPage\":{\"@id\":\"https:\/\/euticket.de\/de\/archiv\/welpenhelden-retten-das-neue-jahr\/#primaryimage\"},\"image\":{\"@id\":\"https:\/\/euticket.de\/de\/archiv\/welpenhelden-retten-das-neue-jahr\/#primaryimage\"},\"thumbnailUrl\":\"https:\/\/euticket.de\/library\/media\/paws-2020-banner.jpg\",\"datePublished\":\"2025-06-27T16:46:00+00:00\",\"dateModified\":\"2025-07-03T08:48:42+00:00\",\"author\":{\"@id\":\"https:\/\/euticket.de\/#\/schema\/person\/be8c19fe75af59836dddd4a3f3a5be0d\"},\"breadcrumb\":{\"@id\":\"https:\/\/euticket.de\/de\/archiv\/welpenhelden-retten-das-neue-jahr\/#breadcrumb\"},\"inLanguage\":\"de\",\"potentialAction\":[{\"@type\":\"ReadAction\",\"target\":[\"https:\/\/euticket.de\/de\/archiv\/welpenhelden-retten-das-neue-jahr\/\"]}]},{\"@type\":\"ImageObject\",\"inLanguage\":\"de\",\"@id\":\"https:\/\/euticket.de\/de\/archiv\/welpenhelden-retten-das-neue-jahr\/#primaryimage\",\"url\":\"https:\/\/euticket.de\/library\/media\/paws-2020-banner.jpg\",\"contentUrl\":\"https:\/\/euticket.de\/library\/media\/paws-2020-banner.jpg\",\"width\":1920,\"height\":522},{\"@type\":\"BreadcrumbList\",\"@id\":\"https:\/\/euticket.de\/de\/archiv\/welpenhelden-retten-das-neue-jahr\/#breadcrumb\",\"itemListElement\":[{\"@type\":\"ListItem\",\"position\":1,\"name\":\"\u0413\u043b\u0430\u0432\u043d\u0430\u044f \u0441\u0442\u0440\u0430\u043d\u0438\u0446\u0430\",\"item\":\"https:\/\/euticket.de\/de\/\"},{\"@type\":\"ListItem\",\"position\":2,\"name\":\"\u201eWelpenhelden retten das neue Jahr\u201c\"}]},{\"@type\":\"WebSite\",\"@id\":\"https:\/\/euticket.de\/#website\",\"url\":\"https:\/\/euticket.de\/\",\"name\":\"A&amp;A Konzertagentur\",\"description\":\"\",\"potentialAction\":[{\"@type\":\"SearchAction\",\"target\":{\"@type\":\"EntryPoint\",\"urlTemplate\":\"https:\/\/euticket.de\/?s={search_term_string}\"},\"query-input\":{\"@type\":\"PropertyValueSpecification\",\"valueRequired\":true,\"valueName\":\"search_term_string\"}}],\"inLanguage\":\"de\"},{\"@type\":\"Person\",\"@id\":\"https:\/\/euticket.de\/#\/schema\/person\/be8c19fe75af59836dddd4a3f3a5be0d\",\"name\":\"PromAdmin\",\"sameAs\":[\"https:\/\/euticket.de\"],\"url\":\"https:\/\/euticket.de\/de\/author\/promadmin\/\"}]}<\/script>\n<!-- \/ Yoast SEO plugin. -->","yoast_head_json":{"title":"\u201eWelpenhelden retten das neue Jahr\u201c - A&amp;A Konzertagentur","robots":{"index":"index","follow":"follow","max-snippet":"max-snippet:-1","max-image-preview":"max-image-preview:large","max-video-preview":"max-video-preview:-1"},"canonical":"https:\/\/euticket.de\/de\/archiv\/welpenhelden-retten-das-neue-jahr\/","og_locale":"de_DE","og_type":"article","og_title":"\u201eWelpenhelden retten das neue Jahr\u201c - A&amp;A Konzertagentur","og_description":"9.\u201329. Dezember 2021","og_url":"https:\/\/euticket.de\/de\/archiv\/welpenhelden-retten-das-neue-jahr\/","og_site_name":"A&amp;A Konzertagentur","article_published_time":"2025-06-27T16:46:00+00:00","article_modified_time":"2025-07-03T08:48:42+00:00","og_image":[{"width":1920,"height":522,"url":"https:\/\/euticket.de\/library\/media\/paws-2020-banner.jpg","type":"image\/jpeg"}],"author":"PromAdmin","twitter_card":"summary_large_image","twitter_misc":{"Verfasst von":"PromAdmin","Gesch\u00e4tzte Lesezeit":"3\u00a0Minuten"},"schema":{"@context":"https:\/\/schema.org","@graph":[{"@type":"Article","@id":"https:\/\/euticket.de\/de\/archiv\/welpenhelden-retten-das-neue-jahr\/#article","isPartOf":{"@id":"https:\/\/euticket.de\/de\/archiv\/welpenhelden-retten-das-neue-jahr\/"},"author":{"name":"PromAdmin","@id":"https:\/\/euticket.de\/#\/schema\/person\/be8c19fe75af59836dddd4a3f3a5be0d"},"headline":"\u201eWelpenhelden retten das neue Jahr\u201c","datePublished":"2025-06-27T16:46:00+00:00","dateModified":"2025-07-03T08:48:42+00:00","mainEntityOfPage":{"@id":"https:\/\/euticket.de\/de\/archiv\/welpenhelden-retten-das-neue-jahr\/"},"wordCount":360,"image":{"@id":"https:\/\/euticket.de\/de\/archiv\/welpenhelden-retten-das-neue-jahr\/#primaryimage"},"thumbnailUrl":"https:\/\/euticket.de\/library\/media\/paws-2020-banner.jpg","articleSection":["Archiv"],"inLanguage":"de"},{"@type":"WebPage","@id":"https:\/\/euticket.de\/de\/archiv\/welpenhelden-retten-das-neue-jahr\/","url":"https:\/\/euticket.de\/de\/archiv\/welpenhelden-retten-das-neue-jahr\/","name":"\u201eWelpenhelden retten das neue Jahr\u201c - A&amp;A Konzertagentur","isPartOf":{"@id":"https:\/\/euticket.de\/#website"},"primaryImageOfPage":{"@id":"https:\/\/euticket.de\/de\/archiv\/welpenhelden-retten-das-neue-jahr\/#primaryimage"},"image":{"@id":"https:\/\/euticket.de\/de\/archiv\/welpenhelden-retten-das-neue-jahr\/#primaryimage"},"thumbnailUrl":"https:\/\/euticket.de\/library\/media\/paws-2020-banner.jpg","datePublished":"2025-06-27T16:46:00+00:00","dateModified":"2025-07-03T08:48:42+00:00","author":{"@id":"https:\/\/euticket.de\/#\/schema\/person\/be8c19fe75af59836dddd4a3f3a5be0d"},"breadcrumb":{"@id":"https:\/\/euticket.de\/de\/archiv\/welpenhelden-retten-das-neue-jahr\/#breadcrumb"},"inLanguage":"de","potentialAction":[{"@type":"ReadAction","target":["https:\/\/euticket.de\/de\/archiv\/welpenhelden-retten-das-neue-jahr\/"]}]},{"@type":"ImageObject","inLanguage":"de","@id":"https:\/\/euticket.de\/de\/archiv\/welpenhelden-retten-das-neue-jahr\/#primaryimage","url":"https:\/\/euticket.de\/library\/media\/paws-2020-banner.jpg","contentUrl":"https:\/\/euticket.de\/library\/media\/paws-2020-banner.jpg","width":1920,"height":522},{"@type":"BreadcrumbList","@id":"https:\/\/euticket.de\/de\/archiv\/welpenhelden-retten-das-neue-jahr\/#breadcrumb","itemListElement":[{"@type":"ListItem","position":1,"name":"\u0413\u043b\u0430\u0432\u043d\u0430\u044f \u0441\u0442\u0440\u0430\u043d\u0438\u0446\u0430","item":"https:\/\/euticket.de\/de\/"},{"@type":"ListItem","position":2,"name":"\u201eWelpenhelden retten das neue Jahr\u201c"}]},{"@type":"WebSite","@id":"https:\/\/euticket.de\/#website","url":"https:\/\/euticket.de\/","name":"A&amp;A Konzertagentur","description":"","potentialAction":[{"@type":"SearchAction","target":{"@type":"EntryPoint","urlTemplate":"https:\/\/euticket.de\/?s={search_term_string}"},"query-input":{"@type":"PropertyValueSpecification","valueRequired":true,"valueName":"search_term_string"}}],"inLanguage":"de"},{"@type":"Person","@id":"https:\/\/euticket.de\/#\/schema\/person\/be8c19fe75af59836dddd4a3f3a5be0d","name":"PromAdmin","sameAs":["https:\/\/euticket.de"],"url":"https:\/\/euticket.de\/de\/author\/promadmin\/"}]}},"_links":{"self":[{"href":"https:\/\/euticket.de\/de\/wp-json\/wp\/v2\/posts\/1135","targetHints":{"allow":["GET"]}}],"collection":[{"href":"https:\/\/euticket.de\/de\/wp-json\/wp\/v2\/posts"}],"about":[{"href":"https:\/\/euticket.de\/de\/wp-json\/wp\/v2\/types\/post"}],"author":[{"embeddable":true,"href":"https:\/\/euticket.de\/de\/wp-json\/wp\/v2\/users\/1"}],"replies":[{"embeddable":true,"href":"https:\/\/euticket.de\/de\/wp-json\/wp\/v2\/comments?post=1135"}],"version-history":[{"count":4,"href":"https:\/\/euticket.de\/de\/wp-json\/wp\/v2\/posts\/1135\/revisions"}],"predecessor-version":[{"id":1139,"href":"https:\/\/euticket.de\/de\/wp-json\/wp\/v2\/posts\/1135\/revisions\/1139"}],"wp:featuredmedia":[{"embeddable":true,"href":"https:\/\/euticket.de\/de\/wp-json\/wp\/v2\/media\/854"}],"wp:attachment":[{"href":"https:\/\/euticket.de\/de\/wp-json\/wp\/v2\/media?parent=1135"}],"wp:term":[{"taxonomy":"category","embeddable":true,"href":"https:\/\/euticket.de\/de\/wp-json\/wp\/v2\/categories?post=1135"},{"taxonomy":"post_tag","embeddable":true,"href":"https:\/\/euticket.de\/de\/wp-json\/wp\/v2\/tags?post=1135"}],"curies":[{"name":"wp","href":"https:\/\/api.w.org\/{rel}","templated":true}]}}